{"id":8022,"date":"2026-08-03T14:14:05","date_gmt":"2026-08-03T11:14:05","guid":{"rendered":"https:\/\/donboscocairo.org\/la-terza-settimana-delle-attivita-estive-2026\/"},"modified":"2026-09-03T14:22:54","modified_gmt":"2026-09-03T11:22:54","slug":"la-terza-settimana-delle-attivita-estive-2026-2","status":"publish","type":"post","link":"https:\/\/donboscocairo.org\/it\/la-terza-settimana-delle-attivita-estive-2026-2\/","title":{"rendered":"La quarta settimana delle Attivit\u00e0 Estive 2026"},"content":{"rendered":"<p><strong>Umilt\u00e0 e Creativit\u00e0&#8230; Un Viaggio alla Scoperta del Meglio che \u00c8 Dentro di Noi\u00a0<\/strong><\/p>\n<p>Continuiamo il nostro viaggio nella quarta settimana, dove il valore dell\u2019<strong>umilt\u00e0<\/strong> incontra lo spirito della <strong>creativit\u00e0<\/strong> attraverso il mondo dei lavori manuali.<\/p>\n<p>Oggi abbiamo imparato che l\u2019umilt\u00e0 non diminuisce il valore di una persona, ma ne accresce la bellezza e la grandezza. Abbiamo inoltre scoperto che le mani che lavorano con amore e collaborazione possono creare cose meravigliose e lasciare un segno speciale.<\/p>\n<p>In un\u2019atmosfera ricca di entusiasmo, creativit\u00e0 e lavoro di squadra, ogni partecipante ha scoperto il proprio talento ed espresso le proprie idee attraverso creazioni semplici, ma belle e originali.<\/p>\n<p>L\u2019umilt\u00e0 eleva la persona e la creativit\u00e0 rivela i meravigliosi tesori che custodiamo dentro di noi.<\/p>\n<p>Godetevi alcuni dei momenti pi\u00f9 belli della nostra giornata&#8230; il nostro viaggio continua!<\/p>\n","protected":false},"excerpt":{"rendered":"<p>Umilt\u00e0 e Creativit\u00e0&#8230; Un Viaggio alla Scoperta del Meglio che \u00c8 Dentro di Noi\u00a0 Continuiamo il nostro viaggio nella quarta settimana, dove il valore dell\u2019umilt\u00e0 incontra lo spirito della creativit\u00e0 attraverso il mondo dei lavori manuali. Oggi abbiamo imparato che l\u2019umilt\u00e0 non diminuisce il valore di una persona, ma ne accresce la bellezza e la [&hellip;]<\/p>\n","protected":false},"author":1,"featured_media":7954,"comment_status":"open","ping_status":"open","sticky":false,"template":"","format":"standard","meta":{"footnotes":""},"categories":[3,39,38],"tags":[],"class_list":["post-8022","post","type-post","status-publish","format-standard","has-post-thumbnail","hentry","category-non-categorizzato","category-notizia","category-notizie-delloratorio"],"acf":[],"yoast_head":"<!-- This site is optimized with the Yoast SEO Premium plugin v24.4 (Yoast SEO v24.5) - https:\/\/yoast.com\/wordpress\/plugins\/seo\/ -->\n<title>La quarta settimana delle Attivit\u00e0 Estive 2026 - Istituto Salesiano Don Bosco<\/title>\n<meta name=\"robots\" content=\"index, follow, max-snippet:-1, max-image-preview:large, max-video-preview:-1\" \/>\n<link rel=\"canonical\" href=\"https:\/\/donboscocairo.org\/it\/la-terza-settimana-delle-attivita-estive-2026-2\/\" \/>\n<meta property=\"og:locale\" content=\"it_IT\" \/>\n<meta property=\"og:type\" content=\"article\" \/>\n<meta property=\"og:title\" content=\"La quarta settimana delle Attivit\u00e0 Estive 2026\" \/>\n<meta property=\"og:description\" content=\"Umilt\u00e0 e Creativit\u00e0&#8230; Un Viaggio alla Scoperta del Meglio che \u00c8 Dentro di Noi\u00a0 Continuiamo il nostro viaggio nella quarta settimana, dove il valore dell\u2019umilt\u00e0 incontra lo spirito della creativit\u00e0 attraverso il mondo dei lavori manuali. Oggi abbiamo imparato che l\u2019umilt\u00e0 non diminuisce il valore di una persona, ma ne accresce la bellezza e la [&hellip;]\" \/>\n<meta property=\"og:url\" content=\"https:\/\/donboscocairo.org\/it\/la-terza-settimana-delle-attivita-estive-2026-2\/\" \/>\n<meta property=\"og:site_name\" content=\"Istituto Salesiano Don Bosco\" \/>\n<meta property=\"article:published_time\" content=\"2026-08-03T11:14:05+00:00\" \/>\n<meta property=\"article:modified_time\" content=\"2026-09-03T11:22:54+00:00\" \/>\n<meta property=\"og:image\" content=\"http:\/\/donboscocairo.org\/wp-content\/uploads\/2026\/08\/DSC_9432.JPG-scaled.webp\" \/>\n\t<meta property=\"og:image:width\" content=\"2560\" \/>\n\t<meta property=\"og:image:height\" content=\"1707\" \/>\n\t<meta property=\"og:image:type\" content=\"image\/webp\" \/>\n<meta name=\"author\" content=\"economo\" \/>\n<meta name=\"twitter:card\" content=\"summary_large_image\" \/>\n<meta name=\"twitter:label1\" content=\"Scritto da\" \/>\n\t<meta name=\"twitter:data1\" content=\"economo\" \/>\n\t<meta name=\"twitter:label2\" content=\"Tempo di lettura stimato\" \/>\n\t<meta name=\"twitter:data2\" content=\"1 minuto\" \/>\n<script type=\"application\/ld+json\" class=\"yoast-schema-graph\">{\"@context\":\"https:\/\/schema.org\",\"@graph\":[{\"@type\":\"Article\",\"@id\":\"https:\/\/donboscocairo.org\/it\/la-terza-settimana-delle-attivita-estive-2026-2\/#article\",\"isPartOf\":{\"@id\":\"https:\/\/donboscocairo.org\/it\/la-terza-settimana-delle-attivita-estive-2026-2\/\"},\"author\":{\"name\":\"economo\",\"@id\":\"https:\/\/donboscocairo.org\/it\/#\/schema\/person\/38eba66fd333211bdacf47c40933aba9\"},\"headline\":\"La quarta settimana delle Attivit\u00e0 Estive 2026\",\"datePublished\":\"2026-08-03T11:14:05+00:00\",\"dateModified\":\"2026-09-03T11:22:54+00:00\",\"mainEntityOfPage\":{\"@id\":\"https:\/\/donboscocairo.org\/it\/la-terza-settimana-delle-attivita-estive-2026-2\/\"},\"wordCount\":144,\"commentCount\":0,\"publisher\":{\"@id\":\"https:\/\/donboscocairo.org\/it\/#organization\"},\"image\":{\"@id\":\"https:\/\/donboscocairo.org\/it\/la-terza-settimana-delle-attivita-estive-2026-2\/#primaryimage\"},\"thumbnailUrl\":\"https:\/\/donboscocairo.org\/wp-content\/uploads\/2026\/08\/DSC_9432.JPG-scaled.webp\",\"articleSection\":[\"Non categorizzato\",\"Notizia\",\"Notizie dell&#039;Oratorio\"],\"inLanguage\":\"it-IT\",\"potentialAction\":[{\"@type\":\"CommentAction\",\"name\":\"Comment\",\"target\":[\"https:\/\/donboscocairo.org\/it\/la-terza-settimana-delle-attivita-estive-2026-2\/#respond\"]}]},{\"@type\":\"WebPage\",\"@id\":\"https:\/\/donboscocairo.org\/it\/la-terza-settimana-delle-attivita-estive-2026-2\/\",\"url\":\"https:\/\/donboscocairo.org\/it\/la-terza-settimana-delle-attivita-estive-2026-2\/\",\"name\":\"La quarta settimana delle Attivit\u00e0 Estive 2026 - Istituto Salesiano Don Bosco\",\"isPartOf\":{\"@id\":\"https:\/\/donboscocairo.org\/it\/#website\"},\"primaryImageOfPage\":{\"@id\":\"https:\/\/donboscocairo.org\/it\/la-terza-settimana-delle-attivita-estive-2026-2\/#primaryimage\"},\"image\":{\"@id\":\"https:\/\/donboscocairo.org\/it\/la-terza-settimana-delle-attivita-estive-2026-2\/#primaryimage\"},\"thumbnailUrl\":\"https:\/\/donboscocairo.org\/wp-content\/uploads\/2026\/08\/DSC_9432.JPG-scaled.webp\",\"datePublished\":\"2026-08-03T11:14:05+00:00\",\"dateModified\":\"2026-09-03T11:22:54+00:00\",\"breadcrumb\":{\"@id\":\"https:\/\/donboscocairo.org\/it\/la-terza-settimana-delle-attivita-estive-2026-2\/#breadcrumb\"},\"inLanguage\":\"it-IT\",\"potentialAction\":[{\"@type\":\"ReadAction\",\"target\":[\"https:\/\/donboscocairo.org\/it\/la-terza-settimana-delle-attivita-estive-2026-2\/\"]}]},{\"@type\":\"ImageObject\",\"inLanguage\":\"it-IT\",\"@id\":\"https:\/\/donboscocairo.org\/it\/la-terza-settimana-delle-attivita-estive-2026-2\/#primaryimage\",\"url\":\"https:\/\/donboscocairo.org\/wp-content\/uploads\/2026\/08\/DSC_9432.JPG-scaled.webp\",\"contentUrl\":\"https:\/\/donboscocairo.org\/wp-content\/uploads\/2026\/08\/DSC_9432.JPG-scaled.webp\",\"width\":2560,\"height\":1707},{\"@type\":\"BreadcrumbList\",\"@id\":\"https:\/\/donboscocairo.org\/it\/la-terza-settimana-delle-attivita-estive-2026-2\/#breadcrumb\",\"itemListElement\":[{\"@type\":\"ListItem\",\"position\":1,\"name\":\"Home\",\"item\":\"https:\/\/donboscocairo.org\/it\/\"},{\"@type\":\"ListItem\",\"position\":2,\"name\":\"La quarta settimana delle Attivit\u00e0 Estive 2026\"}]},{\"@type\":\"WebSite\",\"@id\":\"https:\/\/donboscocairo.org\/it\/#website\",\"url\":\"https:\/\/donboscocairo.org\/it\/\",\"name\":\"Istituto Salesiano Don Bosco\",\"description\":\"Noi, come Istituzione Salesiana, siamo orgogliosi della nostra presenza centenaria e del nostro servizio al Cairo\",\"publisher\":{\"@id\":\"https:\/\/donboscocairo.org\/it\/#organization\"},\"potentialAction\":[{\"@type\":\"SearchAction\",\"target\":{\"@type\":\"EntryPoint\",\"urlTemplate\":\"https:\/\/donboscocairo.org\/it\/?s={search_term_string}\"},\"query-input\":{\"@type\":\"PropertyValueSpecification\",\"valueRequired\":true,\"valueName\":\"search_term_string\"}}],\"inLanguage\":\"it-IT\"},{\"@type\":[\"Organization\",\"Place\"],\"@id\":\"https:\/\/donboscocairo.org\/it\/#organization\",\"name\":\"Istituto Salesiano Don Bosco\",\"url\":\"https:\/\/donboscocairo.org\/it\/\",\"logo\":{\"@id\":\"https:\/\/donboscocairo.org\/it\/la-terza-settimana-delle-attivita-estive-2026-2\/#local-main-organization-logo\"},\"image\":{\"@id\":\"https:\/\/donboscocairo.org\/it\/la-terza-settimana-delle-attivita-estive-2026-2\/#local-main-organization-logo\"},\"openingHoursSpecification\":[{\"@type\":\"OpeningHoursSpecification\",\"dayOfWeek\":[\"Sunday\",\"Monday\",\"Tuesday\",\"Wednesday\",\"Thursday\",\"Friday\",\"Saturday\"],\"opens\":\"09:00\",\"closes\":\"17:00\"}]},{\"@type\":\"Person\",\"@id\":\"https:\/\/donboscocairo.org\/it\/#\/schema\/person\/38eba66fd333211bdacf47c40933aba9\",\"name\":\"economo\",\"image\":{\"@type\":\"ImageObject\",\"inLanguage\":\"it-IT\",\"@id\":\"https:\/\/donboscocairo.org\/it\/#\/schema\/person\/image\/\",\"url\":\"https:\/\/donboscocairo.org\/wp-content\/litespeed\/avatar\/87bd68e8904fcb30365520ccd99a7025.jpg?ver=1787905403\",\"contentUrl\":\"https:\/\/donboscocairo.org\/wp-content\/litespeed\/avatar\/87bd68e8904fcb30365520ccd99a7025.jpg?ver=1787905403\",\"caption\":\"economo\"},\"sameAs\":[\"https:\/\/donboscocairo.org\"],\"url\":\"https:\/\/donboscocairo.org\/it\/author\/economo\/\"},{\"@type\":\"ImageObject\",\"inLanguage\":\"it-IT\",\"@id\":\"https:\/\/donboscocairo.org\/it\/la-terza-settimana-delle-attivita-estive-2026-2\/#local-main-organization-logo\",\"url\":\"https:\/\/donboscocairo.org\/wp-content\/uploads\/2022\/07\/Icon.png\",\"contentUrl\":\"https:\/\/donboscocairo.org\/wp-content\/uploads\/2022\/07\/Icon.png\",\"width\":500,\"height\":500,\"caption\":\"Istituto Salesiano Don Bosco\"}]}<\/script>\n<!-- \/ Yoast SEO Premium plugin. -->","yoast_head_json":{"title":"La quarta settimana delle Attivit\u00e0 Estive 2026 - Istituto Salesiano Don Bosco","robots":{"index":"index","follow":"follow","max-snippet":"max-snippet:-1","max-image-preview":"max-image-preview:large","max-video-preview":"max-video-preview:-1"},"canonical":"https:\/\/donboscocairo.org\/it\/la-terza-settimana-delle-attivita-estive-2026-2\/","og_locale":"it_IT","og_type":"article","og_title":"La quarta settimana delle Attivit\u00e0 Estive 2026","og_description":"Umilt\u00e0 e Creativit\u00e0&#8230; Un Viaggio alla Scoperta del Meglio che \u00c8 Dentro di Noi\u00a0 Continuiamo il nostro viaggio nella quarta settimana, dove il valore dell\u2019umilt\u00e0 incontra lo spirito della creativit\u00e0 attraverso il mondo dei lavori manuali. Oggi abbiamo imparato che l\u2019umilt\u00e0 non diminuisce il valore di una persona, ma ne accresce la bellezza e la [&hellip;]","og_url":"https:\/\/donboscocairo.org\/it\/la-terza-settimana-delle-attivita-estive-2026-2\/","og_site_name":"Istituto Salesiano Don Bosco","article_published_time":"2026-08-03T11:14:05+00:00","article_modified_time":"2026-09-03T11:22:54+00:00","og_image":[{"width":2560,"height":1707,"url":"http:\/\/donboscocairo.org\/wp-content\/uploads\/2026\/08\/DSC_9432.JPG-scaled.webp","type":"image\/webp"}],"author":"economo","twitter_card":"summary_large_image","twitter_misc":{"Scritto da":"economo","Tempo di lettura stimato":"1 minuto"},"schema":{"@context":"https:\/\/schema.org","@graph":[{"@type":"Article","@id":"https:\/\/donboscocairo.org\/it\/la-terza-settimana-delle-attivita-estive-2026-2\/#article","isPartOf":{"@id":"https:\/\/donboscocairo.org\/it\/la-terza-settimana-delle-attivita-estive-2026-2\/"},"author":{"name":"economo","@id":"https:\/\/donboscocairo.org\/it\/#\/schema\/person\/38eba66fd333211bdacf47c40933aba9"},"headline":"La quarta settimana delle Attivit\u00e0 Estive 2026","datePublished":"2026-08-03T11:14:05+00:00","dateModified":"2026-09-03T11:22:54+00:00","mainEntityOfPage":{"@id":"https:\/\/donboscocairo.org\/it\/la-terza-settimana-delle-attivita-estive-2026-2\/"},"wordCount":144,"commentCount":0,"publisher":{"@id":"https:\/\/donboscocairo.org\/it\/#organization"},"image":{"@id":"https:\/\/donboscocairo.org\/it\/la-terza-settimana-delle-attivita-estive-2026-2\/#primaryimage"},"thumbnailUrl":"https:\/\/donboscocairo.org\/wp-content\/uploads\/2026\/08\/DSC_9432.JPG-scaled.webp","articleSection":["Non categorizzato","Notizia","Notizie dell&#039;Oratorio"],"inLanguage":"it-IT","potentialAction":[{"@type":"CommentAction","name":"Comment","target":["https:\/\/donboscocairo.org\/it\/la-terza-settimana-delle-attivita-estive-2026-2\/#respond"]}]},{"@type":"WebPage","@id":"https:\/\/donboscocairo.org\/it\/la-terza-settimana-delle-attivita-estive-2026-2\/","url":"https:\/\/donboscocairo.org\/it\/la-terza-settimana-delle-attivita-estive-2026-2\/","name":"La quarta settimana delle Attivit\u00e0 Estive 2026 - Istituto Salesiano Don Bosco","isPartOf":{"@id":"https:\/\/donboscocairo.org\/it\/#website"},"primaryImageOfPage":{"@id":"https:\/\/donboscocairo.org\/it\/la-terza-settimana-delle-attivita-estive-2026-2\/#primaryimage"},"image":{"@id":"https:\/\/donboscocairo.org\/it\/la-terza-settimana-delle-attivita-estive-2026-2\/#primaryimage"},"thumbnailUrl":"https:\/\/donboscocairo.org\/wp-content\/uploads\/2026\/08\/DSC_9432.JPG-scaled.webp","datePublished":"2026-08-03T11:14:05+00:00","dateModified":"2026-09-03T11:22:54+00:00","breadcrumb":{"@id":"https:\/\/donboscocairo.org\/it\/la-terza-settimana-delle-attivita-estive-2026-2\/#breadcrumb"},"inLanguage":"it-IT","potentialAction":[{"@type":"ReadAction","target":["https:\/\/donboscocairo.org\/it\/la-terza-settimana-delle-attivita-estive-2026-2\/"]}]},{"@type":"ImageObject","inLanguage":"it-IT","@id":"https:\/\/donboscocairo.org\/it\/la-terza-settimana-delle-attivita-estive-2026-2\/#primaryimage","url":"https:\/\/donboscocairo.org\/wp-content\/uploads\/2026\/08\/DSC_9432.JPG-scaled.webp","contentUrl":"https:\/\/donboscocairo.org\/wp-content\/uploads\/2026\/08\/DSC_9432.JPG-scaled.webp","width":2560,"height":1707},{"@type":"BreadcrumbList","@id":"https:\/\/donboscocairo.org\/it\/la-terza-settimana-delle-attivita-estive-2026-2\/#breadcrumb","itemListElement":[{"@type":"ListItem","position":1,"name":"Home","item":"https:\/\/donboscocairo.org\/it\/"},{"@type":"ListItem","position":2,"name":"La quarta settimana delle Attivit\u00e0 Estive 2026"}]},{"@type":"WebSite","@id":"https:\/\/donboscocairo.org\/it\/#website","url":"https:\/\/donboscocairo.org\/it\/","name":"Istituto Salesiano Don Bosco","description":"Noi, come Istituzione Salesiana, siamo orgogliosi della nostra presenza centenaria e del nostro servizio al Cairo","publisher":{"@id":"https:\/\/donboscocairo.org\/it\/#organization"},"potentialAction":[{"@type":"SearchAction","target":{"@type":"EntryPoint","urlTemplate":"https:\/\/donboscocairo.org\/it\/?s={search_term_string}"},"query-input":{"@type":"PropertyValueSpecification","valueRequired":true,"valueName":"search_term_string"}}],"inLanguage":"it-IT"},{"@type":["Organization","Place"],"@id":"https:\/\/donboscocairo.org\/it\/#organization","name":"Istituto Salesiano Don Bosco","url":"https:\/\/donboscocairo.org\/it\/","logo":{"@id":"https:\/\/donboscocairo.org\/it\/la-terza-settimana-delle-attivita-estive-2026-2\/#local-main-organization-logo"},"image":{"@id":"https:\/\/donboscocairo.org\/it\/la-terza-settimana-delle-attivita-estive-2026-2\/#local-main-organization-logo"},"openingHoursSpecification":[{"@type":"OpeningHoursSpecification","dayOfWeek":["Sunday","Monday","Tuesday","Wednesday","Thursday","Friday","Saturday"],"opens":"09:00","closes":"17:00"}]},{"@type":"Person","@id":"https:\/\/donboscocairo.org\/it\/#\/schema\/person\/38eba66fd333211bdacf47c40933aba9","name":"economo","image":{"@type":"ImageObject","inLanguage":"it-IT","@id":"https:\/\/donboscocairo.org\/it\/#\/schema\/person\/image\/","url":"https:\/\/donboscocairo.org\/wp-content\/litespeed\/avatar\/87bd68e8904fcb30365520ccd99a7025.jpg?ver=1787905403","contentUrl":"https:\/\/donboscocairo.org\/wp-content\/litespeed\/avatar\/87bd68e8904fcb30365520ccd99a7025.jpg?ver=1787905403","caption":"economo"},"sameAs":["https:\/\/donboscocairo.org"],"url":"https:\/\/donboscocairo.org\/it\/author\/economo\/"},{"@type":"ImageObject","inLanguage":"it-IT","@id":"https:\/\/donboscocairo.org\/it\/la-terza-settimana-delle-attivita-estive-2026-2\/#local-main-organization-logo","url":"https:\/\/donboscocairo.org\/wp-content\/uploads\/2022\/07\/Icon.png","contentUrl":"https:\/\/donboscocairo.org\/wp-content\/uploads\/2022\/07\/Icon.png","width":500,"height":500,"caption":"Istituto Salesiano Don Bosco"}]}},"_links":{"self":[{"href":"https:\/\/donboscocairo.org\/it\/wp-json\/wp\/v2\/posts\/8022","targetHints":{"allow":["GET"]}}],"collection":[{"href":"https:\/\/donboscocairo.org\/it\/wp-json\/wp\/v2\/posts"}],"about":[{"href":"https:\/\/donboscocairo.org\/it\/wp-json\/wp\/v2\/types\/post"}],"author":[{"embeddable":true,"href":"https:\/\/donboscocairo.org\/it\/wp-json\/wp\/v2\/users\/1"}],"replies":[{"embeddable":true,"href":"https:\/\/donboscocairo.org\/it\/wp-json\/wp\/v2\/comments?post=8022"}],"version-history":[{"count":1,"href":"https:\/\/donboscocairo.org\/it\/wp-json\/wp\/v2\/posts\/8022\/revisions"}],"predecessor-version":[{"id":8026,"href":"https:\/\/donboscocairo.org\/it\/wp-json\/wp\/v2\/posts\/8022\/revisions\/8026"}],"wp:featuredmedia":[{"embeddable":true,"href":"https:\/\/donboscocairo.org\/it\/wp-json\/wp\/v2\/media\/7954"}],"wp:attachment":[{"href":"https:\/\/donboscocairo.org\/it\/wp-json\/wp\/v2\/media?parent=8022"}],"wp:term":[{"taxonomy":"category","embeddable":true,"href":"https:\/\/donboscocairo.org\/it\/wp-json\/wp\/v2\/categories?post=8022"},{"taxonomy":"post_tag","embeddable":true,"href":"https:\/\/donboscocairo.org\/it\/wp-json\/wp\/v2\/tags?post=8022"}],"curies":[{"name":"wp","href":"https:\/\/api.w.org\/{rel}","templated":true}]}}