{"id":5684,"date":"2024-12-26T16:41:05","date_gmt":"2024-12-26T13:41:05","guid":{"rendered":"https:\/\/donboscocairo.org\/?p=5684"},"modified":"2024-12-26T16:42:48","modified_gmt":"2024-12-26T13:42:48","slug":"il-ritiro-delle-celebrazioni-natalizie","status":"publish","type":"post","link":"https:\/\/donboscocairo.org\/it\/il-ritiro-delle-celebrazioni-natalizie\/","title":{"rendered":"il ritiro delle celebrazioni del Natale"},"content":{"rendered":"<div dir=\"auto\">Domenica 22 dicembre, 145 ragazzi cristiani della scuola don Bosco del Cairo hanno vissuto il loro ritiro in preparazione alla festa del Natale. Con loro il direttore dell\u2019opera, don Morcos e alcuni salesiani e professori della scuola. \u00c9 stata una giornata molto speciale per i nostri ragazzi, con momenti di preghiera, riflessione, di confronto e di giochi. Tutto nello stile di don Bosco.<\/div>\n<div dir=\"auto\">Ringraziamo i ragazzi presenti perch\u00e9 hanno partecipato con seriet\u00e0 e responsabilit\u00e0, disponibili a tutte le attivit\u00e0 proposte.<\/div>\n","protected":false},"excerpt":{"rendered":"<p>Domenica 22 dicembre, 145 ragazzi cristiani della scuola don Bosco del Cairo hanno vissuto il loro ritiro in preparazione alla festa del Natale. Con loro il direttore dell\u2019opera, don Morcos e alcuni salesiani e professori della scuola. \u00c9 stata una giornata molto speciale per i nostri ragazzi, con momenti di preghiera, riflessione, di confronto e [&hellip;]<\/p>\n","protected":false},"author":1,"featured_media":5682,"comment_status":"open","ping_status":"open","sticky":false,"template":"","format":"standard","meta":{"footnotes":""},"categories":[3,39,37],"tags":[],"class_list":["post-5684","post","type-post","status-publish","format-standard","has-post-thumbnail","hentry","category-non-categorizzato","category-notizia","category-notizie-sulla-scuola"],"acf":[],"yoast_head":"<!-- This site is optimized with the Yoast SEO Premium plugin v24.4 (Yoast SEO v24.5) - https:\/\/yoast.com\/wordpress\/plugins\/seo\/ -->\n<title>il ritiro delle celebrazioni del Natale - Istituto Salesiano Don Bosco<\/title>\n<meta name=\"robots\" content=\"index, follow, max-snippet:-1, max-image-preview:large, max-video-preview:-1\" \/>\n<link rel=\"canonical\" href=\"https:\/\/donboscocairo.org\/it\/il-ritiro-delle-celebrazioni-natalizie\/\" \/>\n<meta property=\"og:locale\" content=\"it_IT\" \/>\n<meta property=\"og:type\" content=\"article\" \/>\n<meta property=\"og:title\" content=\"il ritiro delle celebrazioni del Natale\" \/>\n<meta property=\"og:description\" content=\"Domenica 22 dicembre, 145 ragazzi cristiani della scuola don Bosco del Cairo hanno vissuto il loro ritiro in preparazione alla festa del Natale. Con loro il direttore dell\u2019opera, don Morcos e alcuni salesiani e professori della scuola. \u00c9 stata una giornata molto speciale per i nostri ragazzi, con momenti di preghiera, riflessione, di confronto e [&hellip;]\" \/>\n<meta property=\"og:url\" content=\"https:\/\/donboscocairo.org\/it\/il-ritiro-delle-celebrazioni-natalizie\/\" \/>\n<meta property=\"og:site_name\" content=\"Istituto Salesiano Don Bosco\" \/>\n<meta property=\"article:published_time\" content=\"2024-12-26T13:41:05+00:00\" \/>\n<meta property=\"article:modified_time\" content=\"2024-12-26T13:42:48+00:00\" \/>\n<meta property=\"og:image\" content=\"https:\/\/donboscocairo.org\/wp-content\/uploads\/2024\/12\/Don-Bosco-2025.webp\" \/>\n\t<meta property=\"og:image:width\" content=\"828\" \/>\n\t<meta property=\"og:image:height\" content=\"551\" \/>\n\t<meta property=\"og:image:type\" content=\"image\/webp\" \/>\n<meta name=\"author\" content=\"economo\" \/>\n<meta name=\"twitter:card\" content=\"summary_large_image\" \/>\n<meta name=\"twitter:label1\" content=\"Scritto da\" \/>\n\t<meta name=\"twitter:data1\" content=\"economo\" \/>\n\t<meta name=\"twitter:label2\" content=\"Tempo di lettura stimato\" \/>\n\t<meta name=\"twitter:data2\" content=\"1 minuto\" \/>\n<script type=\"application\/ld+json\" class=\"yoast-schema-graph\">{\"@context\":\"https:\/\/schema.org\",\"@graph\":[{\"@type\":\"Article\",\"@id\":\"https:\/\/donboscocairo.org\/it\/il-ritiro-delle-celebrazioni-natalizie\/#article\",\"isPartOf\":{\"@id\":\"https:\/\/donboscocairo.org\/it\/il-ritiro-delle-celebrazioni-natalizie\/\"},\"author\":{\"name\":\"economo\",\"@id\":\"https:\/\/donboscocairo.org\/it\/#\/schema\/person\/38eba66fd333211bdacf47c40933aba9\"},\"headline\":\"il ritiro delle celebrazioni del Natale\",\"datePublished\":\"2024-12-26T13:41:05+00:00\",\"dateModified\":\"2024-12-26T13:42:48+00:00\",\"mainEntityOfPage\":{\"@id\":\"https:\/\/donboscocairo.org\/it\/il-ritiro-delle-celebrazioni-natalizie\/\"},\"wordCount\":84,\"commentCount\":0,\"publisher\":{\"@id\":\"https:\/\/donboscocairo.org\/it\/#organization\"},\"image\":{\"@id\":\"https:\/\/donboscocairo.org\/it\/il-ritiro-delle-celebrazioni-natalizie\/#primaryimage\"},\"thumbnailUrl\":\"https:\/\/donboscocairo.org\/wp-content\/uploads\/2024\/12\/Don-Bosco-2025.webp\",\"articleSection\":[\"Non categorizzato\",\"Notizia\",\"Notizie sulla scuola\"],\"inLanguage\":\"it-IT\",\"potentialAction\":[{\"@type\":\"CommentAction\",\"name\":\"Comment\",\"target\":[\"https:\/\/donboscocairo.org\/it\/il-ritiro-delle-celebrazioni-natalizie\/#respond\"]}]},{\"@type\":\"WebPage\",\"@id\":\"https:\/\/donboscocairo.org\/it\/il-ritiro-delle-celebrazioni-natalizie\/\",\"url\":\"https:\/\/donboscocairo.org\/it\/il-ritiro-delle-celebrazioni-natalizie\/\",\"name\":\"il ritiro delle celebrazioni del Natale - Istituto Salesiano Don Bosco\",\"isPartOf\":{\"@id\":\"https:\/\/donboscocairo.org\/it\/#website\"},\"primaryImageOfPage\":{\"@id\":\"https:\/\/donboscocairo.org\/it\/il-ritiro-delle-celebrazioni-natalizie\/#primaryimage\"},\"image\":{\"@id\":\"https:\/\/donboscocairo.org\/it\/il-ritiro-delle-celebrazioni-natalizie\/#primaryimage\"},\"thumbnailUrl\":\"https:\/\/donboscocairo.org\/wp-content\/uploads\/2024\/12\/Don-Bosco-2025.webp\",\"datePublished\":\"2024-12-26T13:41:05+00:00\",\"dateModified\":\"2024-12-26T13:42:48+00:00\",\"breadcrumb\":{\"@id\":\"https:\/\/donboscocairo.org\/it\/il-ritiro-delle-celebrazioni-natalizie\/#breadcrumb\"},\"inLanguage\":\"it-IT\",\"potentialAction\":[{\"@type\":\"ReadAction\",\"target\":[\"https:\/\/donboscocairo.org\/it\/il-ritiro-delle-celebrazioni-natalizie\/\"]}]},{\"@type\":\"ImageObject\",\"inLanguage\":\"it-IT\",\"@id\":\"https:\/\/donboscocairo.org\/it\/il-ritiro-delle-celebrazioni-natalizie\/#primaryimage\",\"url\":\"https:\/\/donboscocairo.org\/wp-content\/uploads\/2024\/12\/Don-Bosco-2025.webp\",\"contentUrl\":\"https:\/\/donboscocairo.org\/wp-content\/uploads\/2024\/12\/Don-Bosco-2025.webp\",\"width\":828,\"height\":551},{\"@type\":\"BreadcrumbList\",\"@id\":\"https:\/\/donboscocairo.org\/it\/il-ritiro-delle-celebrazioni-natalizie\/#breadcrumb\",\"itemListElement\":[{\"@type\":\"ListItem\",\"position\":1,\"name\":\"Home\",\"item\":\"https:\/\/donboscocairo.org\/it\/\"},{\"@type\":\"ListItem\",\"position\":2,\"name\":\"il ritiro delle celebrazioni del Natale\"}]},{\"@type\":\"WebSite\",\"@id\":\"https:\/\/donboscocairo.org\/it\/#website\",\"url\":\"https:\/\/donboscocairo.org\/it\/\",\"name\":\"Istituto Salesiano Don Bosco\",\"description\":\"Noi, come Istituzione Salesiana, siamo orgogliosi della nostra presenza centenaria e del nostro servizio al Cairo\",\"publisher\":{\"@id\":\"https:\/\/donboscocairo.org\/it\/#organization\"},\"potentialAction\":[{\"@type\":\"SearchAction\",\"target\":{\"@type\":\"EntryPoint\",\"urlTemplate\":\"https:\/\/donboscocairo.org\/it\/?s={search_term_string}\"},\"query-input\":{\"@type\":\"PropertyValueSpecification\",\"valueRequired\":true,\"valueName\":\"search_term_string\"}}],\"inLanguage\":\"it-IT\"},{\"@type\":[\"Organization\",\"Place\"],\"@id\":\"https:\/\/donboscocairo.org\/it\/#organization\",\"name\":\"Istituto Salesiano Don Bosco\",\"url\":\"https:\/\/donboscocairo.org\/it\/\",\"logo\":{\"@id\":\"https:\/\/donboscocairo.org\/it\/il-ritiro-delle-celebrazioni-natalizie\/#local-main-organization-logo\"},\"image\":{\"@id\":\"https:\/\/donboscocairo.org\/it\/il-ritiro-delle-celebrazioni-natalizie\/#local-main-organization-logo\"},\"openingHoursSpecification\":[{\"@type\":\"OpeningHoursSpecification\",\"dayOfWeek\":[\"Sunday\",\"Monday\",\"Tuesday\",\"Wednesday\",\"Thursday\",\"Friday\",\"Saturday\"],\"opens\":\"09:00\",\"closes\":\"17:00\"}]},{\"@type\":\"Person\",\"@id\":\"https:\/\/donboscocairo.org\/it\/#\/schema\/person\/38eba66fd333211bdacf47c40933aba9\",\"name\":\"economo\",\"image\":{\"@type\":\"ImageObject\",\"inLanguage\":\"it-IT\",\"@id\":\"https:\/\/donboscocairo.org\/it\/#\/schema\/person\/image\/\",\"url\":\"https:\/\/donboscocairo.org\/wp-content\/litespeed\/avatar\/87bd68e8904fcb30365520ccd99a7025.jpg?ver=1777014284\",\"contentUrl\":\"https:\/\/donboscocairo.org\/wp-content\/litespeed\/avatar\/87bd68e8904fcb30365520ccd99a7025.jpg?ver=1777014284\",\"caption\":\"economo\"},\"sameAs\":[\"https:\/\/donboscocairo.org\"],\"url\":\"https:\/\/donboscocairo.org\/it\/author\/economo\/\"},{\"@type\":\"ImageObject\",\"inLanguage\":\"it-IT\",\"@id\":\"https:\/\/donboscocairo.org\/it\/il-ritiro-delle-celebrazioni-natalizie\/#local-main-organization-logo\",\"url\":\"https:\/\/donboscocairo.org\/wp-content\/uploads\/2022\/07\/Icon.png\",\"contentUrl\":\"https:\/\/donboscocairo.org\/wp-content\/uploads\/2022\/07\/Icon.png\",\"width\":500,\"height\":500,\"caption\":\"Istituto Salesiano Don Bosco\"}]}<\/script>\n<!-- \/ Yoast SEO Premium plugin. -->","yoast_head_json":{"title":"il ritiro delle celebrazioni del Natale - Istituto Salesiano Don Bosco","robots":{"index":"index","follow":"follow","max-snippet":"max-snippet:-1","max-image-preview":"max-image-preview:large","max-video-preview":"max-video-preview:-1"},"canonical":"https:\/\/donboscocairo.org\/it\/il-ritiro-delle-celebrazioni-natalizie\/","og_locale":"it_IT","og_type":"article","og_title":"il ritiro delle celebrazioni del Natale","og_description":"Domenica 22 dicembre, 145 ragazzi cristiani della scuola don Bosco del Cairo hanno vissuto il loro ritiro in preparazione alla festa del Natale. Con loro il direttore dell\u2019opera, don Morcos e alcuni salesiani e professori della scuola. \u00c9 stata una giornata molto speciale per i nostri ragazzi, con momenti di preghiera, riflessione, di confronto e [&hellip;]","og_url":"https:\/\/donboscocairo.org\/it\/il-ritiro-delle-celebrazioni-natalizie\/","og_site_name":"Istituto Salesiano Don Bosco","article_published_time":"2024-12-26T13:41:05+00:00","article_modified_time":"2024-12-26T13:42:48+00:00","og_image":[{"width":828,"height":551,"url":"https:\/\/donboscocairo.org\/wp-content\/uploads\/2024\/12\/Don-Bosco-2025.webp","type":"image\/webp"}],"author":"economo","twitter_card":"summary_large_image","twitter_misc":{"Scritto da":"economo","Tempo di lettura stimato":"1 minuto"},"schema":{"@context":"https:\/\/schema.org","@graph":[{"@type":"Article","@id":"https:\/\/donboscocairo.org\/it\/il-ritiro-delle-celebrazioni-natalizie\/#article","isPartOf":{"@id":"https:\/\/donboscocairo.org\/it\/il-ritiro-delle-celebrazioni-natalizie\/"},"author":{"name":"economo","@id":"https:\/\/donboscocairo.org\/it\/#\/schema\/person\/38eba66fd333211bdacf47c40933aba9"},"headline":"il ritiro delle celebrazioni del Natale","datePublished":"2024-12-26T13:41:05+00:00","dateModified":"2024-12-26T13:42:48+00:00","mainEntityOfPage":{"@id":"https:\/\/donboscocairo.org\/it\/il-ritiro-delle-celebrazioni-natalizie\/"},"wordCount":84,"commentCount":0,"publisher":{"@id":"https:\/\/donboscocairo.org\/it\/#organization"},"image":{"@id":"https:\/\/donboscocairo.org\/it\/il-ritiro-delle-celebrazioni-natalizie\/#primaryimage"},"thumbnailUrl":"https:\/\/donboscocairo.org\/wp-content\/uploads\/2024\/12\/Don-Bosco-2025.webp","articleSection":["Non categorizzato","Notizia","Notizie sulla scuola"],"inLanguage":"it-IT","potentialAction":[{"@type":"CommentAction","name":"Comment","target":["https:\/\/donboscocairo.org\/it\/il-ritiro-delle-celebrazioni-natalizie\/#respond"]}]},{"@type":"WebPage","@id":"https:\/\/donboscocairo.org\/it\/il-ritiro-delle-celebrazioni-natalizie\/","url":"https:\/\/donboscocairo.org\/it\/il-ritiro-delle-celebrazioni-natalizie\/","name":"il ritiro delle celebrazioni del Natale - Istituto Salesiano Don Bosco","isPartOf":{"@id":"https:\/\/donboscocairo.org\/it\/#website"},"primaryImageOfPage":{"@id":"https:\/\/donboscocairo.org\/it\/il-ritiro-delle-celebrazioni-natalizie\/#primaryimage"},"image":{"@id":"https:\/\/donboscocairo.org\/it\/il-ritiro-delle-celebrazioni-natalizie\/#primaryimage"},"thumbnailUrl":"https:\/\/donboscocairo.org\/wp-content\/uploads\/2024\/12\/Don-Bosco-2025.webp","datePublished":"2024-12-26T13:41:05+00:00","dateModified":"2024-12-26T13:42:48+00:00","breadcrumb":{"@id":"https:\/\/donboscocairo.org\/it\/il-ritiro-delle-celebrazioni-natalizie\/#breadcrumb"},"inLanguage":"it-IT","potentialAction":[{"@type":"ReadAction","target":["https:\/\/donboscocairo.org\/it\/il-ritiro-delle-celebrazioni-natalizie\/"]}]},{"@type":"ImageObject","inLanguage":"it-IT","@id":"https:\/\/donboscocairo.org\/it\/il-ritiro-delle-celebrazioni-natalizie\/#primaryimage","url":"https:\/\/donboscocairo.org\/wp-content\/uploads\/2024\/12\/Don-Bosco-2025.webp","contentUrl":"https:\/\/donboscocairo.org\/wp-content\/uploads\/2024\/12\/Don-Bosco-2025.webp","width":828,"height":551},{"@type":"BreadcrumbList","@id":"https:\/\/donboscocairo.org\/it\/il-ritiro-delle-celebrazioni-natalizie\/#breadcrumb","itemListElement":[{"@type":"ListItem","position":1,"name":"Home","item":"https:\/\/donboscocairo.org\/it\/"},{"@type":"ListItem","position":2,"name":"il ritiro delle celebrazioni del Natale"}]},{"@type":"WebSite","@id":"https:\/\/donboscocairo.org\/it\/#website","url":"https:\/\/donboscocairo.org\/it\/","name":"Istituto Salesiano Don Bosco","description":"Noi, come Istituzione Salesiana, siamo orgogliosi della nostra presenza centenaria e del nostro servizio al Cairo","publisher":{"@id":"https:\/\/donboscocairo.org\/it\/#organization"},"potentialAction":[{"@type":"SearchAction","target":{"@type":"EntryPoint","urlTemplate":"https:\/\/donboscocairo.org\/it\/?s={search_term_string}"},"query-input":{"@type":"PropertyValueSpecification","valueRequired":true,"valueName":"search_term_string"}}],"inLanguage":"it-IT"},{"@type":["Organization","Place"],"@id":"https:\/\/donboscocairo.org\/it\/#organization","name":"Istituto Salesiano Don Bosco","url":"https:\/\/donboscocairo.org\/it\/","logo":{"@id":"https:\/\/donboscocairo.org\/it\/il-ritiro-delle-celebrazioni-natalizie\/#local-main-organization-logo"},"image":{"@id":"https:\/\/donboscocairo.org\/it\/il-ritiro-delle-celebrazioni-natalizie\/#local-main-organization-logo"},"openingHoursSpecification":[{"@type":"OpeningHoursSpecification","dayOfWeek":["Sunday","Monday","Tuesday","Wednesday","Thursday","Friday","Saturday"],"opens":"09:00","closes":"17:00"}]},{"@type":"Person","@id":"https:\/\/donboscocairo.org\/it\/#\/schema\/person\/38eba66fd333211bdacf47c40933aba9","name":"economo","image":{"@type":"ImageObject","inLanguage":"it-IT","@id":"https:\/\/donboscocairo.org\/it\/#\/schema\/person\/image\/","url":"https:\/\/donboscocairo.org\/wp-content\/litespeed\/avatar\/87bd68e8904fcb30365520ccd99a7025.jpg?ver=1777014284","contentUrl":"https:\/\/donboscocairo.org\/wp-content\/litespeed\/avatar\/87bd68e8904fcb30365520ccd99a7025.jpg?ver=1777014284","caption":"economo"},"sameAs":["https:\/\/donboscocairo.org"],"url":"https:\/\/donboscocairo.org\/it\/author\/economo\/"},{"@type":"ImageObject","inLanguage":"it-IT","@id":"https:\/\/donboscocairo.org\/it\/il-ritiro-delle-celebrazioni-natalizie\/#local-main-organization-logo","url":"https:\/\/donboscocairo.org\/wp-content\/uploads\/2022\/07\/Icon.png","contentUrl":"https:\/\/donboscocairo.org\/wp-content\/uploads\/2022\/07\/Icon.png","width":500,"height":500,"caption":"Istituto Salesiano Don Bosco"}]}},"_links":{"self":[{"href":"https:\/\/donboscocairo.org\/it\/wp-json\/wp\/v2\/posts\/5684","targetHints":{"allow":["GET"]}}],"collection":[{"href":"https:\/\/donboscocairo.org\/it\/wp-json\/wp\/v2\/posts"}],"about":[{"href":"https:\/\/donboscocairo.org\/it\/wp-json\/wp\/v2\/types\/post"}],"author":[{"embeddable":true,"href":"https:\/\/donboscocairo.org\/it\/wp-json\/wp\/v2\/users\/1"}],"replies":[{"embeddable":true,"href":"https:\/\/donboscocairo.org\/it\/wp-json\/wp\/v2\/comments?post=5684"}],"version-history":[{"count":0,"href":"https:\/\/donboscocairo.org\/it\/wp-json\/wp\/v2\/posts\/5684\/revisions"}],"wp:featuredmedia":[{"embeddable":true,"href":"https:\/\/donboscocairo.org\/it\/wp-json\/wp\/v2\/media\/5682"}],"wp:attachment":[{"href":"https:\/\/donboscocairo.org\/it\/wp-json\/wp\/v2\/media?parent=5684"}],"wp:term":[{"taxonomy":"category","embeddable":true,"href":"https:\/\/donboscocairo.org\/it\/wp-json\/wp\/v2\/categories?post=5684"},{"taxonomy":"post_tag","embeddable":true,"href":"https:\/\/donboscocairo.org\/it\/wp-json\/wp\/v2\/tags?post=5684"}],"curies":[{"name":"wp","href":"https:\/\/api.w.org\/{rel}","templated":true}]}}