{"id":512,"date":"2022-06-20T14:29:08","date_gmt":"2022-06-20T11:29:08","guid":{"rendered":"https:\/\/donboscocairo.org\/linizio-della-prima-iscrizione-allistituto-per-lanno-2022-2023\/"},"modified":"2022-08-03T15:08:29","modified_gmt":"2022-08-03T13:08:29","slug":"linizio-della-prima-iscrizione-allistituto-per-lanno-2022-2023","status":"publish","type":"post","link":"https:\/\/donboscocairo.org\/it\/linizio-della-prima-iscrizione-allistituto-per-lanno-2022-2023\/","title":{"rendered":"L&#8217;inizio della prima iscrizione all&#8217;istituto per l&#8217;anno 2022-2023"},"content":{"rendered":"<p style=\"text-align: center;\"><strong>Istruzioni per i nuovi studenti per l&#8217;anno accademico 2022-2023<\/strong><\/p>\n<h2>Passi per l&#8217;ammissione all&#8217;istituto (c&#8217;\u00e8 una spiegazione dettagliata per ogni voce di seguito)<strong>:<\/strong><\/h2>\n<p>&#8211; Primo: Registrazione iniziale.<\/p>\n<p>&#8211; Secondo: Firma il modulo di domanda per frequentare l&#8217;istituto.<\/p>\n<p>&#8211; Terzo: Superare il test attitudinale (predisposto dall&#8217;istituto).<\/p>\n<p>&#8211; Quarto: Supera il corso estivo introduttivo.<\/p>\n<h3>Primo: Registrazione iniziale:<\/h3>\n<ul>\n<li>L&#8217;istituto accetta studenti che abbiano un recente certificato preparatorio per l&#8217;anno 2022 e che siano nati nell&#8217;anno 7200 o successivo.<\/li>\n<li>Tutti i candidati devono compilare le informazioni elettronicamente tramite il seguente link <a href=\"https:\/\/forms.gle\/M9Qxa6K7qt1LGvCu5\">https:\/\/forms.gle\/M9Q xa6K7qt1LGvCu5<\/a><\/li>\n<li>Troverai anche il link sul sito web della scuola e sulla pagina Facebook ufficiale quando la domanda sar\u00e0 aperta.<\/li>\n<li>La registrazione dei dati partir\u00e0 da sabato 21\/05\/2022 fino a mercoled\u00ec 15\/6\/2022 \u201cil link non \u00e8 stato attivato prima di tale data\u201d. L&#8217;Istituto non accetter\u00e0 studenti che non abbiano compilato in tempo il modulo elettronico.<\/li>\n<li>L&#8217;invio telematico dei dati non costituisce l&#8217;immatricolazione definitiva all&#8217;istituto, ma il tutore deve verificare l&#8217;esattezza dei dati registrati elettronicamente e, in caso di prova contraria, lo studente sar\u00e0 automaticamente escluso.<\/li>\n<li>Il tutore deve verificare l&#8217;e-mail utilizzata per compilare il modulo elettronico, perch\u00e9 tutta la corrispondenza, gli avvisi e le istruzioni verranno inviati attraverso di esso.<\/li>\n<\/ul>\n<h3>Secondo: Firma dei moduli di domanda presso l&#8217;istituto<\/h3>\n<ul>\n<li>L&#8217;istituto invier\u00e0 una e-mail (e-mail) o (SMS) al tutore dello studente ammesso alla data di frequenza presso l&#8217;istituto per la firma del modulo.<\/li>\n<li>Il tutore dovr\u00e0 dare atto della correttezza dei dati inseriti nel modulo, e partecipare al test di capacit\u00e0 entro il termine dal<\/li>\n<\/ul>\n<p>dal 18\/06\/2022 al 20\/06\/2022.<\/p>\n<ul>\n<li>Per l&#8217;incolumit\u00e0 di tutti, si prega di rispettare la data che verr\u00e0 inviata e di attenersi alle misure precauzionali.Nel caso in cui lo studente non si presenti in orario, lo studente sar\u00e0 escluso e non ci sono eccezioni.<\/li>\n<\/ul>\n<h3>Terzo: Superamento della prova attitudinale (predisposta dall&#8217;istituto):<\/h3>\n<p>Il test di abilit\u00e0 \u00e8 un insieme di domande di intelligenza, matematica e inglese nel curriculum del terzo anno preparatorio, nonch\u00e9 un colloquio personale con lo studente.<\/p>\n<p>Si prega di notare che<strong>:<\/strong><\/p>\n<ul>\n<li>Verr\u00e0 fissata una data per il test e ne sarai informato.<\/li>\n<li>La prova si svolger\u00e0 presso l&#8217;istituto, \u201cLa tessera sanitaria deve essere munita di foto personale dello studente\u201d dal 25\/6\/2022 al 28\/6\/2022.<\/li>\n<li>Nel caso in cui le condizioni attuali del Paese dovessero peggiorare, L&#8217;esame si svolger\u00e0 online e ogni studente dovr\u00e0 assicurarsi che ci sia una connessione stabile a Internet, una telecamera e un microfono. All&#8217;e-mail verr\u00e0 inviato un video esplicativo.<\/li>\n<\/ul>\n<h3>Quarto: Supera il corso preliminare estivo<strong>:<\/strong><\/h3>\n<p>Il corso introduttivo \u00e8 di circa 125 ore durante le quali lo studente studia un programma intensivo di lingua italiana partendo da zero, Oltre a un programma di matematica. Si prega di notare che<strong>:<\/strong><\/p>\n<ul>\n<li>Allo studente che ha superato la prova attitudinale verr\u00e0 comunicato un sms (SMS) o una e-mail (E-mail) contenente la data di pagamento delle tasse per la sessione estiva dal 29\/6\/2022 al 4\/7\/ 2022. Sar\u00e0 inviato.<\/li>\n<li>Il corso di lingua italiana partir\u00e0 da mercoled\u00ec 16\/7\/2022 e proseguir\u00e0 fino a venerd\u00ec 8\/10\/2022.<\/li>\n<li>Nel caso in cui le condizioni attuali del Paese dovessero peggiorare, Il corso introduttivo si svolger\u00e0 online e ogni studente dovr\u00e0 assicurarsi di disporre di una connessione Internet stabile, di una videocamera e di un microfono. All&#8217;e-mail verr\u00e0 inviato un video esplicativo.<\/li>\n<li>L&#8217;istituto invier\u00e0 e-mail o sms (SMS) agli studenti che hanno superato il corso propedeutico di lingua italiana e quindi sono ufficialmente ammessi all&#8217;istituto.<\/li>\n<li>La mancata comunicazione con lo studente significa che non \u00e8 stato accettato e l&#8217;istituto non \u00e8 obbligato a fornire alcuna giustificazione per coloro che non hanno avuto successo nell&#8217;ammissione.<\/li>\n<li>Si prega di fare domanda per altre scuole, poich\u00e9 l&#8217;istituto non richiede documenti ufficiali nella fase di registrazione iniziale.<\/li>\n<\/ul>\n<p>Puoi contattarci via e-mail <strong>&#8211; <\/strong><strong>secretary@donboscocairo.org<\/strong><strong>             <\/strong><\/p>\n<p>E per favore segui la mail e segui la pagina ufficiale dell&#8217;istituto su Facebook per seguire tutte le novit\u00e0:<\/p>\n<p><a href=\"https:\/\/www.facebook.com\/DonBoscoCairo\">https:\/\/www.facebook.com\/DonBoscoCairo<\/a><\/p>\n","protected":false},"excerpt":{"rendered":"<p>Istruzioni per i nuovi studenti per l&#8217;anno accademico 2022-2023 Passi per l&#8217;ammissione all&#8217;istituto (c&#8217;\u00e8 una spiegazione dettagliata per ogni voce di seguito): &#8211; Primo: Registrazione iniziale. &#8211; Secondo: Firma il modulo di domanda per frequentare l&#8217;istituto. &#8211; Terzo: Superare il test attitudinale (predisposto dall&#8217;istituto). &#8211; Quarto: Supera il corso estivo introduttivo. Primo: Registrazione iniziale: L&#8217;istituto [&hellip;]<\/p>\n","protected":false},"author":1,"featured_media":509,"comment_status":"open","ping_status":"open","sticky":false,"template":"","format":"standard","meta":{"footnotes":""},"categories":[37],"tags":[56,53,52,54,55],"class_list":["post-512","post","type-post","status-publish","format-standard","has-post-thumbnail","hentry","category-notizie-sulla-scuola","tag-capienza","tag-passi-di-ammissione","tag-registrati","tag-registrazione-iniziale","tag-sessione-estiva"],"acf":[],"yoast_head":"<!-- This site is optimized with the Yoast SEO Premium plugin v24.4 (Yoast SEO v24.5) - https:\/\/yoast.com\/wordpress\/plugins\/seo\/ -->\n<title>L&#039;inizio della prima iscrizione all&#039;istituto per l&#039;anno 2022-2023 - Istituto Salesiano Don Bosco<\/title>\n<meta name=\"robots\" content=\"index, follow, max-snippet:-1, max-image-preview:large, max-video-preview:-1\" \/>\n<link rel=\"canonical\" href=\"https:\/\/donboscocairo.org\/it\/linizio-della-prima-iscrizione-allistituto-per-lanno-2022-2023\/\" \/>\n<meta property=\"og:locale\" content=\"it_IT\" \/>\n<meta property=\"og:type\" content=\"article\" \/>\n<meta property=\"og:title\" content=\"L&#039;inizio della prima iscrizione all&#039;istituto per l&#039;anno 2022-2023\" \/>\n<meta property=\"og:description\" content=\"Istruzioni per i nuovi studenti per l&#8217;anno accademico 2022-2023 Passi per l&#8217;ammissione all&#8217;istituto (c&#8217;\u00e8 una spiegazione dettagliata per ogni voce di seguito): &#8211; Primo: Registrazione iniziale. &#8211; Secondo: Firma il modulo di domanda per frequentare l&#8217;istituto. &#8211; Terzo: Superare il test attitudinale (predisposto dall&#8217;istituto). &#8211; Quarto: Supera il corso estivo introduttivo. Primo: Registrazione iniziale: L&#8217;istituto [&hellip;]\" \/>\n<meta property=\"og:url\" content=\"https:\/\/donboscocairo.org\/it\/linizio-della-prima-iscrizione-allistituto-per-lanno-2022-2023\/\" \/>\n<meta property=\"og:site_name\" content=\"Istituto Salesiano Don Bosco\" \/>\n<meta property=\"article:published_time\" content=\"2022-06-20T11:29:08+00:00\" \/>\n<meta property=\"article:modified_time\" content=\"2022-08-03T13:08:29+00:00\" \/>\n<meta property=\"og:image\" content=\"https:\/\/donboscocairo.org\/wp-content\/uploads\/2022\/06\/\u0641\u062a\u062d-\u0628\u0627\u0628-\u0627\u0644\u062a\u0642\u062f\u064a\u0645-\u0627\u0644\u0645\u0628\u062f\u0626\u064a-\u0644\u0644\u0639\u0627\u0645-\u0627\u0644\u062f\u0631\u0627\u0633\u064a2022_2023.webp\" \/>\n\t<meta property=\"og:image:width\" content=\"720\" \/>\n\t<meta property=\"og:image:height\" content=\"1019\" \/>\n\t<meta property=\"og:image:type\" content=\"image\/webp\" \/>\n<meta name=\"author\" content=\"economo\" \/>\n<meta name=\"twitter:card\" content=\"summary_large_image\" \/>\n<meta name=\"twitter:label1\" content=\"Scritto da\" \/>\n\t<meta name=\"twitter:data1\" content=\"economo\" \/>\n\t<meta name=\"twitter:label2\" content=\"Tempo di lettura stimato\" \/>\n\t<meta name=\"twitter:data2\" content=\"3 minuti\" \/>\n<script type=\"application\/ld+json\" class=\"yoast-schema-graph\">{\"@context\":\"https:\/\/schema.org\",\"@graph\":[{\"@type\":\"Article\",\"@id\":\"https:\/\/donboscocairo.org\/it\/linizio-della-prima-iscrizione-allistituto-per-lanno-2022-2023\/#article\",\"isPartOf\":{\"@id\":\"https:\/\/donboscocairo.org\/it\/linizio-della-prima-iscrizione-allistituto-per-lanno-2022-2023\/\"},\"author\":{\"name\":\"economo\",\"@id\":\"https:\/\/donboscocairo.org\/it\/#\/schema\/person\/38eba66fd333211bdacf47c40933aba9\"},\"headline\":\"L&#8217;inizio della prima iscrizione all&#8217;istituto per l&#8217;anno 2022-2023\",\"datePublished\":\"2022-06-20T11:29:08+00:00\",\"dateModified\":\"2022-08-03T13:08:29+00:00\",\"mainEntityOfPage\":{\"@id\":\"https:\/\/donboscocairo.org\/it\/linizio-della-prima-iscrizione-allistituto-per-lanno-2022-2023\/\"},\"wordCount\":666,\"commentCount\":0,\"publisher\":{\"@id\":\"https:\/\/donboscocairo.org\/it\/#organization\"},\"image\":{\"@id\":\"https:\/\/donboscocairo.org\/it\/linizio-della-prima-iscrizione-allistituto-per-lanno-2022-2023\/#primaryimage\"},\"thumbnailUrl\":\"https:\/\/donboscocairo.org\/wp-content\/uploads\/2022\/06\/\u0641\u062a\u062d-\u0628\u0627\u0628-\u0627\u0644\u062a\u0642\u062f\u064a\u0645-\u0627\u0644\u0645\u0628\u062f\u0626\u064a-\u0644\u0644\u0639\u0627\u0645-\u0627\u0644\u062f\u0631\u0627\u0633\u064a2022_2023.webp\",\"keywords\":[\"Capienza\",\"Passi di ammissione\",\"Registrati\",\"Registrazione iniziale\",\"sessione estiva\"],\"articleSection\":[\"Notizie sulla scuola\"],\"inLanguage\":\"it-IT\",\"potentialAction\":[{\"@type\":\"CommentAction\",\"name\":\"Comment\",\"target\":[\"https:\/\/donboscocairo.org\/it\/linizio-della-prima-iscrizione-allistituto-per-lanno-2022-2023\/#respond\"]}]},{\"@type\":\"WebPage\",\"@id\":\"https:\/\/donboscocairo.org\/it\/linizio-della-prima-iscrizione-allistituto-per-lanno-2022-2023\/\",\"url\":\"https:\/\/donboscocairo.org\/it\/linizio-della-prima-iscrizione-allistituto-per-lanno-2022-2023\/\",\"name\":\"L'inizio della prima iscrizione all'istituto per l'anno 2022-2023 - Istituto Salesiano Don Bosco\",\"isPartOf\":{\"@id\":\"https:\/\/donboscocairo.org\/it\/#website\"},\"primaryImageOfPage\":{\"@id\":\"https:\/\/donboscocairo.org\/it\/linizio-della-prima-iscrizione-allistituto-per-lanno-2022-2023\/#primaryimage\"},\"image\":{\"@id\":\"https:\/\/donboscocairo.org\/it\/linizio-della-prima-iscrizione-allistituto-per-lanno-2022-2023\/#primaryimage\"},\"thumbnailUrl\":\"https:\/\/donboscocairo.org\/wp-content\/uploads\/2022\/06\/\u0641\u062a\u062d-\u0628\u0627\u0628-\u0627\u0644\u062a\u0642\u062f\u064a\u0645-\u0627\u0644\u0645\u0628\u062f\u0626\u064a-\u0644\u0644\u0639\u0627\u0645-\u0627\u0644\u062f\u0631\u0627\u0633\u064a2022_2023.webp\",\"datePublished\":\"2022-06-20T11:29:08+00:00\",\"dateModified\":\"2022-08-03T13:08:29+00:00\",\"breadcrumb\":{\"@id\":\"https:\/\/donboscocairo.org\/it\/linizio-della-prima-iscrizione-allistituto-per-lanno-2022-2023\/#breadcrumb\"},\"inLanguage\":\"it-IT\",\"potentialAction\":[{\"@type\":\"ReadAction\",\"target\":[\"https:\/\/donboscocairo.org\/it\/linizio-della-prima-iscrizione-allistituto-per-lanno-2022-2023\/\"]}]},{\"@type\":\"ImageObject\",\"inLanguage\":\"it-IT\",\"@id\":\"https:\/\/donboscocairo.org\/it\/linizio-della-prima-iscrizione-allistituto-per-lanno-2022-2023\/#primaryimage\",\"url\":\"https:\/\/donboscocairo.org\/wp-content\/uploads\/2022\/06\/\u0641\u062a\u062d-\u0628\u0627\u0628-\u0627\u0644\u062a\u0642\u062f\u064a\u0645-\u0627\u0644\u0645\u0628\u062f\u0626\u064a-\u0644\u0644\u0639\u0627\u0645-\u0627\u0644\u062f\u0631\u0627\u0633\u064a2022_2023.webp\",\"contentUrl\":\"https:\/\/donboscocairo.org\/wp-content\/uploads\/2022\/06\/\u0641\u062a\u062d-\u0628\u0627\u0628-\u0627\u0644\u062a\u0642\u062f\u064a\u0645-\u0627\u0644\u0645\u0628\u062f\u0626\u064a-\u0644\u0644\u0639\u0627\u0645-\u0627\u0644\u062f\u0631\u0627\u0633\u064a2022_2023.webp\",\"width\":720,\"height\":1019,\"caption\":\"Aperte le iscrizioni preliminari per l'anno accademico 2022\/2023\"},{\"@type\":\"BreadcrumbList\",\"@id\":\"https:\/\/donboscocairo.org\/it\/linizio-della-prima-iscrizione-allistituto-per-lanno-2022-2023\/#breadcrumb\",\"itemListElement\":[{\"@type\":\"ListItem\",\"position\":1,\"name\":\"Home\",\"item\":\"https:\/\/donboscocairo.org\/it\/\"},{\"@type\":\"ListItem\",\"position\":2,\"name\":\"L&#8217;inizio della prima iscrizione all&#8217;istituto per l&#8217;anno 2022-2023\"}]},{\"@type\":\"WebSite\",\"@id\":\"https:\/\/donboscocairo.org\/it\/#website\",\"url\":\"https:\/\/donboscocairo.org\/it\/\",\"name\":\"Istituto Salesiano Don Bosco\",\"description\":\"Noi, come Istituzione Salesiana, siamo orgogliosi della nostra presenza centenaria e del nostro servizio al Cairo\",\"publisher\":{\"@id\":\"https:\/\/donboscocairo.org\/it\/#organization\"},\"potentialAction\":[{\"@type\":\"SearchAction\",\"target\":{\"@type\":\"EntryPoint\",\"urlTemplate\":\"https:\/\/donboscocairo.org\/it\/?s={search_term_string}\"},\"query-input\":{\"@type\":\"PropertyValueSpecification\",\"valueRequired\":true,\"valueName\":\"search_term_string\"}}],\"inLanguage\":\"it-IT\"},{\"@type\":[\"Organization\",\"Place\"],\"@id\":\"https:\/\/donboscocairo.org\/it\/#organization\",\"name\":\"Istituto Salesiano Don Bosco\",\"url\":\"https:\/\/donboscocairo.org\/it\/\",\"logo\":{\"@id\":\"https:\/\/donboscocairo.org\/it\/linizio-della-prima-iscrizione-allistituto-per-lanno-2022-2023\/#local-main-organization-logo\"},\"image\":{\"@id\":\"https:\/\/donboscocairo.org\/it\/linizio-della-prima-iscrizione-allistituto-per-lanno-2022-2023\/#local-main-organization-logo\"},\"openingHoursSpecification\":[{\"@type\":\"OpeningHoursSpecification\",\"dayOfWeek\":[\"Sunday\",\"Monday\",\"Tuesday\",\"Wednesday\",\"Thursday\",\"Friday\",\"Saturday\"],\"opens\":\"09:00\",\"closes\":\"17:00\"}]},{\"@type\":\"Person\",\"@id\":\"https:\/\/donboscocairo.org\/it\/#\/schema\/person\/38eba66fd333211bdacf47c40933aba9\",\"name\":\"economo\",\"image\":{\"@type\":\"ImageObject\",\"inLanguage\":\"it-IT\",\"@id\":\"https:\/\/donboscocairo.org\/it\/#\/schema\/person\/image\/\",\"url\":\"https:\/\/donboscocairo.org\/wp-content\/litespeed\/avatar\/87bd68e8904fcb30365520ccd99a7025.jpg?ver=1777014284\",\"contentUrl\":\"https:\/\/donboscocairo.org\/wp-content\/litespeed\/avatar\/87bd68e8904fcb30365520ccd99a7025.jpg?ver=1777014284\",\"caption\":\"economo\"},\"sameAs\":[\"https:\/\/donboscocairo.org\"],\"url\":\"https:\/\/donboscocairo.org\/it\/author\/economo\/\"},{\"@type\":\"ImageObject\",\"inLanguage\":\"it-IT\",\"@id\":\"https:\/\/donboscocairo.org\/it\/linizio-della-prima-iscrizione-allistituto-per-lanno-2022-2023\/#local-main-organization-logo\",\"url\":\"https:\/\/donboscocairo.org\/wp-content\/uploads\/2022\/07\/Icon.png\",\"contentUrl\":\"https:\/\/donboscocairo.org\/wp-content\/uploads\/2022\/07\/Icon.png\",\"width\":500,\"height\":500,\"caption\":\"Istituto Salesiano Don Bosco\"}]}<\/script>\n<!-- \/ Yoast SEO Premium plugin. -->","yoast_head_json":{"title":"L'inizio della prima iscrizione all'istituto per l'anno 2022-2023 - Istituto Salesiano Don Bosco","robots":{"index":"index","follow":"follow","max-snippet":"max-snippet:-1","max-image-preview":"max-image-preview:large","max-video-preview":"max-video-preview:-1"},"canonical":"https:\/\/donboscocairo.org\/it\/linizio-della-prima-iscrizione-allistituto-per-lanno-2022-2023\/","og_locale":"it_IT","og_type":"article","og_title":"L'inizio della prima iscrizione all'istituto per l'anno 2022-2023","og_description":"Istruzioni per i nuovi studenti per l&#8217;anno accademico 2022-2023 Passi per l&#8217;ammissione all&#8217;istituto (c&#8217;\u00e8 una spiegazione dettagliata per ogni voce di seguito): &#8211; Primo: Registrazione iniziale. &#8211; Secondo: Firma il modulo di domanda per frequentare l&#8217;istituto. &#8211; Terzo: Superare il test attitudinale (predisposto dall&#8217;istituto). &#8211; Quarto: Supera il corso estivo introduttivo. Primo: Registrazione iniziale: L&#8217;istituto [&hellip;]","og_url":"https:\/\/donboscocairo.org\/it\/linizio-della-prima-iscrizione-allistituto-per-lanno-2022-2023\/","og_site_name":"Istituto Salesiano Don Bosco","article_published_time":"2022-06-20T11:29:08+00:00","article_modified_time":"2022-08-03T13:08:29+00:00","og_image":[{"width":720,"height":1019,"url":"https:\/\/donboscocairo.org\/wp-content\/uploads\/2022\/06\/\u0641\u062a\u062d-\u0628\u0627\u0628-\u0627\u0644\u062a\u0642\u062f\u064a\u0645-\u0627\u0644\u0645\u0628\u062f\u0626\u064a-\u0644\u0644\u0639\u0627\u0645-\u0627\u0644\u062f\u0631\u0627\u0633\u064a2022_2023.webp","type":"image\/webp"}],"author":"economo","twitter_card":"summary_large_image","twitter_misc":{"Scritto da":"economo","Tempo di lettura stimato":"3 minuti"},"schema":{"@context":"https:\/\/schema.org","@graph":[{"@type":"Article","@id":"https:\/\/donboscocairo.org\/it\/linizio-della-prima-iscrizione-allistituto-per-lanno-2022-2023\/#article","isPartOf":{"@id":"https:\/\/donboscocairo.org\/it\/linizio-della-prima-iscrizione-allistituto-per-lanno-2022-2023\/"},"author":{"name":"economo","@id":"https:\/\/donboscocairo.org\/it\/#\/schema\/person\/38eba66fd333211bdacf47c40933aba9"},"headline":"L&#8217;inizio della prima iscrizione all&#8217;istituto per l&#8217;anno 2022-2023","datePublished":"2022-06-20T11:29:08+00:00","dateModified":"2022-08-03T13:08:29+00:00","mainEntityOfPage":{"@id":"https:\/\/donboscocairo.org\/it\/linizio-della-prima-iscrizione-allistituto-per-lanno-2022-2023\/"},"wordCount":666,"commentCount":0,"publisher":{"@id":"https:\/\/donboscocairo.org\/it\/#organization"},"image":{"@id":"https:\/\/donboscocairo.org\/it\/linizio-della-prima-iscrizione-allistituto-per-lanno-2022-2023\/#primaryimage"},"thumbnailUrl":"https:\/\/donboscocairo.org\/wp-content\/uploads\/2022\/06\/\u0641\u062a\u062d-\u0628\u0627\u0628-\u0627\u0644\u062a\u0642\u062f\u064a\u0645-\u0627\u0644\u0645\u0628\u062f\u0626\u064a-\u0644\u0644\u0639\u0627\u0645-\u0627\u0644\u062f\u0631\u0627\u0633\u064a2022_2023.webp","keywords":["Capienza","Passi di ammissione","Registrati","Registrazione iniziale","sessione estiva"],"articleSection":["Notizie sulla scuola"],"inLanguage":"it-IT","potentialAction":[{"@type":"CommentAction","name":"Comment","target":["https:\/\/donboscocairo.org\/it\/linizio-della-prima-iscrizione-allistituto-per-lanno-2022-2023\/#respond"]}]},{"@type":"WebPage","@id":"https:\/\/donboscocairo.org\/it\/linizio-della-prima-iscrizione-allistituto-per-lanno-2022-2023\/","url":"https:\/\/donboscocairo.org\/it\/linizio-della-prima-iscrizione-allistituto-per-lanno-2022-2023\/","name":"L'inizio della prima iscrizione all'istituto per l'anno 2022-2023 - Istituto Salesiano Don Bosco","isPartOf":{"@id":"https:\/\/donboscocairo.org\/it\/#website"},"primaryImageOfPage":{"@id":"https:\/\/donboscocairo.org\/it\/linizio-della-prima-iscrizione-allistituto-per-lanno-2022-2023\/#primaryimage"},"image":{"@id":"https:\/\/donboscocairo.org\/it\/linizio-della-prima-iscrizione-allistituto-per-lanno-2022-2023\/#primaryimage"},"thumbnailUrl":"https:\/\/donboscocairo.org\/wp-content\/uploads\/2022\/06\/\u0641\u062a\u062d-\u0628\u0627\u0628-\u0627\u0644\u062a\u0642\u062f\u064a\u0645-\u0627\u0644\u0645\u0628\u062f\u0626\u064a-\u0644\u0644\u0639\u0627\u0645-\u0627\u0644\u062f\u0631\u0627\u0633\u064a2022_2023.webp","datePublished":"2022-06-20T11:29:08+00:00","dateModified":"2022-08-03T13:08:29+00:00","breadcrumb":{"@id":"https:\/\/donboscocairo.org\/it\/linizio-della-prima-iscrizione-allistituto-per-lanno-2022-2023\/#breadcrumb"},"inLanguage":"it-IT","potentialAction":[{"@type":"ReadAction","target":["https:\/\/donboscocairo.org\/it\/linizio-della-prima-iscrizione-allistituto-per-lanno-2022-2023\/"]}]},{"@type":"ImageObject","inLanguage":"it-IT","@id":"https:\/\/donboscocairo.org\/it\/linizio-della-prima-iscrizione-allistituto-per-lanno-2022-2023\/#primaryimage","url":"https:\/\/donboscocairo.org\/wp-content\/uploads\/2022\/06\/\u0641\u062a\u062d-\u0628\u0627\u0628-\u0627\u0644\u062a\u0642\u062f\u064a\u0645-\u0627\u0644\u0645\u0628\u062f\u0626\u064a-\u0644\u0644\u0639\u0627\u0645-\u0627\u0644\u062f\u0631\u0627\u0633\u064a2022_2023.webp","contentUrl":"https:\/\/donboscocairo.org\/wp-content\/uploads\/2022\/06\/\u0641\u062a\u062d-\u0628\u0627\u0628-\u0627\u0644\u062a\u0642\u062f\u064a\u0645-\u0627\u0644\u0645\u0628\u062f\u0626\u064a-\u0644\u0644\u0639\u0627\u0645-\u0627\u0644\u062f\u0631\u0627\u0633\u064a2022_2023.webp","width":720,"height":1019,"caption":"Aperte le iscrizioni preliminari per l'anno accademico 2022\/2023"},{"@type":"BreadcrumbList","@id":"https:\/\/donboscocairo.org\/it\/linizio-della-prima-iscrizione-allistituto-per-lanno-2022-2023\/#breadcrumb","itemListElement":[{"@type":"ListItem","position":1,"name":"Home","item":"https:\/\/donboscocairo.org\/it\/"},{"@type":"ListItem","position":2,"name":"L&#8217;inizio della prima iscrizione all&#8217;istituto per l&#8217;anno 2022-2023"}]},{"@type":"WebSite","@id":"https:\/\/donboscocairo.org\/it\/#website","url":"https:\/\/donboscocairo.org\/it\/","name":"Istituto Salesiano Don Bosco","description":"Noi, come Istituzione Salesiana, siamo orgogliosi della nostra presenza centenaria e del nostro servizio al Cairo","publisher":{"@id":"https:\/\/donboscocairo.org\/it\/#organization"},"potentialAction":[{"@type":"SearchAction","target":{"@type":"EntryPoint","urlTemplate":"https:\/\/donboscocairo.org\/it\/?s={search_term_string}"},"query-input":{"@type":"PropertyValueSpecification","valueRequired":true,"valueName":"search_term_string"}}],"inLanguage":"it-IT"},{"@type":["Organization","Place"],"@id":"https:\/\/donboscocairo.org\/it\/#organization","name":"Istituto Salesiano Don Bosco","url":"https:\/\/donboscocairo.org\/it\/","logo":{"@id":"https:\/\/donboscocairo.org\/it\/linizio-della-prima-iscrizione-allistituto-per-lanno-2022-2023\/#local-main-organization-logo"},"image":{"@id":"https:\/\/donboscocairo.org\/it\/linizio-della-prima-iscrizione-allistituto-per-lanno-2022-2023\/#local-main-organization-logo"},"openingHoursSpecification":[{"@type":"OpeningHoursSpecification","dayOfWeek":["Sunday","Monday","Tuesday","Wednesday","Thursday","Friday","Saturday"],"opens":"09:00","closes":"17:00"}]},{"@type":"Person","@id":"https:\/\/donboscocairo.org\/it\/#\/schema\/person\/38eba66fd333211bdacf47c40933aba9","name":"economo","image":{"@type":"ImageObject","inLanguage":"it-IT","@id":"https:\/\/donboscocairo.org\/it\/#\/schema\/person\/image\/","url":"https:\/\/donboscocairo.org\/wp-content\/litespeed\/avatar\/87bd68e8904fcb30365520ccd99a7025.jpg?ver=1777014284","contentUrl":"https:\/\/donboscocairo.org\/wp-content\/litespeed\/avatar\/87bd68e8904fcb30365520ccd99a7025.jpg?ver=1777014284","caption":"economo"},"sameAs":["https:\/\/donboscocairo.org"],"url":"https:\/\/donboscocairo.org\/it\/author\/economo\/"},{"@type":"ImageObject","inLanguage":"it-IT","@id":"https:\/\/donboscocairo.org\/it\/linizio-della-prima-iscrizione-allistituto-per-lanno-2022-2023\/#local-main-organization-logo","url":"https:\/\/donboscocairo.org\/wp-content\/uploads\/2022\/07\/Icon.png","contentUrl":"https:\/\/donboscocairo.org\/wp-content\/uploads\/2022\/07\/Icon.png","width":500,"height":500,"caption":"Istituto Salesiano Don Bosco"}]}},"_links":{"self":[{"href":"https:\/\/donboscocairo.org\/it\/wp-json\/wp\/v2\/posts\/512","targetHints":{"allow":["GET"]}}],"collection":[{"href":"https:\/\/donboscocairo.org\/it\/wp-json\/wp\/v2\/posts"}],"about":[{"href":"https:\/\/donboscocairo.org\/it\/wp-json\/wp\/v2\/types\/post"}],"author":[{"embeddable":true,"href":"https:\/\/donboscocairo.org\/it\/wp-json\/wp\/v2\/users\/1"}],"replies":[{"embeddable":true,"href":"https:\/\/donboscocairo.org\/it\/wp-json\/wp\/v2\/comments?post=512"}],"version-history":[{"count":0,"href":"https:\/\/donboscocairo.org\/it\/wp-json\/wp\/v2\/posts\/512\/revisions"}],"wp:featuredmedia":[{"embeddable":true,"href":"https:\/\/donboscocairo.org\/it\/wp-json\/wp\/v2\/media\/509"}],"wp:attachment":[{"href":"https:\/\/donboscocairo.org\/it\/wp-json\/wp\/v2\/media?parent=512"}],"wp:term":[{"taxonomy":"category","embeddable":true,"href":"https:\/\/donboscocairo.org\/it\/wp-json\/wp\/v2\/categories?post=512"},{"taxonomy":"post_tag","embeddable":true,"href":"https:\/\/donboscocairo.org\/it\/wp-json\/wp\/v2\/tags?post=512"}],"curies":[{"name":"wp","href":"https:\/\/api.w.org\/{rel}","templated":true}]}}