{"id":4444,"date":"2023-09-14T13:49:56","date_gmt":"2023-09-14T10:49:56","guid":{"rendered":"https:\/\/donboscocairo.org\/?p=4444"},"modified":"2024-02-14T14:26:13","modified_gmt":"2024-02-14T11:26:13","slug":"fiera-del-lavoro-2","status":"publish","type":"post","link":"https:\/\/donboscocairo.org\/it\/fiera-del-lavoro-2\/","title":{"rendered":"Fiera del lavoro"},"content":{"rendered":"<p>Il Salesian Don Bosco Institute \u00e8 lieta di annunciare una Fiera del lavoro il 30 settembre 2023, per tecnici egiziani in tutte le specialit\u00e0, senza alcuna condizione.<br \/>\nIl forum \u00e8 sponsorizzato da UNI-Tech Contractors \/ UNI -Tech Facility Management<\/p>\n<p><a href=\"https:\/\/unitecheg.com\/\">https:\/\/unitecheg.com\/<\/a><\/p>\n<p>Si distingue per la presenza di una serie di grandi aziende in Egitto.<\/p>\n<p>Seguici per maggiori dettagli<\/p>\n","protected":false},"excerpt":{"rendered":"<p>Il Salesian Don Bosco Institute \u00e8 lieta di annunciare una Fiera del lavoro il 30 settembre 2023, per tecnici egiziani in tutte le specialit\u00e0, senza alcuna condizione. Il forum \u00e8 sponsorizzato da UNI-Tech Contractors \/ UNI -Tech Facility Management https:\/\/unitecheg.com\/ Si distingue per la presenza di una serie di grandi aziende in Egitto. Seguici per [&hellip;]<\/p>\n","protected":false},"author":1,"featured_media":3653,"comment_status":"open","ping_status":"open","sticky":false,"template":"","format":"standard","meta":{"footnotes":""},"categories":[3,39,37,96,40],"tags":[],"class_list":["post-4444","post","type-post","status-publish","format-standard","has-post-thumbnail","hentry","category-non-categorizzato","category-notizia","category-notizie-sulla-scuola","category-notizie-ufficio-lavoro","category-novita-sui-corsi"],"acf":[],"yoast_head":"<!-- This site is optimized with the Yoast SEO Premium plugin v24.4 (Yoast SEO v24.5) - https:\/\/yoast.com\/wordpress\/plugins\/seo\/ -->\n<title>Fiera del lavoro - Istituto Salesiano Don Bosco<\/title>\n<meta name=\"robots\" content=\"index, follow, max-snippet:-1, max-image-preview:large, max-video-preview:-1\" \/>\n<link rel=\"canonical\" href=\"https:\/\/donboscocairo.org\/it\/fiera-del-lavoro-2\/\" \/>\n<meta property=\"og:locale\" content=\"it_IT\" \/>\n<meta property=\"og:type\" content=\"article\" \/>\n<meta property=\"og:title\" content=\"Fiera del lavoro\" \/>\n<meta property=\"og:description\" content=\"Il Salesian Don Bosco Institute \u00e8 lieta di annunciare una Fiera del lavoro il 30 settembre 2023, per tecnici egiziani in tutte le specialit\u00e0, senza alcuna condizione. Il forum \u00e8 sponsorizzato da UNI-Tech Contractors \/ UNI -Tech Facility Management https:\/\/unitecheg.com\/ Si distingue per la presenza di una serie di grandi aziende in Egitto. Seguici per [&hellip;]\" \/>\n<meta property=\"og:url\" content=\"https:\/\/donboscocairo.org\/it\/fiera-del-lavoro-2\/\" \/>\n<meta property=\"og:site_name\" content=\"Istituto Salesiano Don Bosco\" \/>\n<meta property=\"article:published_time\" content=\"2023-09-14T10:49:56+00:00\" \/>\n<meta property=\"article:modified_time\" content=\"2024-02-14T11:26:13+00:00\" \/>\n<meta property=\"og:image\" content=\"https:\/\/donboscocairo.org\/wp-content\/uploads\/2023\/09\/Job-office.webp\" \/>\n\t<meta property=\"og:image:width\" content=\"720\" \/>\n\t<meta property=\"og:image:height\" content=\"509\" \/>\n\t<meta property=\"og:image:type\" content=\"image\/webp\" \/>\n<meta name=\"author\" content=\"economo\" \/>\n<meta name=\"twitter:card\" content=\"summary_large_image\" \/>\n<meta name=\"twitter:label1\" content=\"Scritto da\" \/>\n\t<meta name=\"twitter:data1\" content=\"economo\" \/>\n\t<meta name=\"twitter:label2\" content=\"Tempo di lettura stimato\" \/>\n\t<meta name=\"twitter:data2\" content=\"1 minuto\" \/>\n<script type=\"application\/ld+json\" class=\"yoast-schema-graph\">{\"@context\":\"https:\/\/schema.org\",\"@graph\":[{\"@type\":\"Article\",\"@id\":\"https:\/\/donboscocairo.org\/it\/fiera-del-lavoro-2\/#article\",\"isPartOf\":{\"@id\":\"https:\/\/donboscocairo.org\/it\/fiera-del-lavoro-2\/\"},\"author\":{\"name\":\"economo\",\"@id\":\"https:\/\/donboscocairo.org\/it\/#\/schema\/person\/38eba66fd333211bdacf47c40933aba9\"},\"headline\":\"Fiera del lavoro\",\"datePublished\":\"2023-09-14T10:49:56+00:00\",\"dateModified\":\"2024-02-14T11:26:13+00:00\",\"mainEntityOfPage\":{\"@id\":\"https:\/\/donboscocairo.org\/it\/fiera-del-lavoro-2\/\"},\"wordCount\":57,\"commentCount\":0,\"publisher\":{\"@id\":\"https:\/\/donboscocairo.org\/it\/#organization\"},\"image\":{\"@id\":\"https:\/\/donboscocairo.org\/it\/fiera-del-lavoro-2\/#primaryimage\"},\"thumbnailUrl\":\"https:\/\/donboscocairo.org\/wp-content\/uploads\/2023\/09\/Job-office.webp\",\"articleSection\":[\"Non categorizzato\",\"Notizia\",\"Notizie sulla scuola\",\"Notizie ufficio lavoro\",\"Novit\u00e0 sui corsi\"],\"inLanguage\":\"it-IT\",\"potentialAction\":[{\"@type\":\"CommentAction\",\"name\":\"Comment\",\"target\":[\"https:\/\/donboscocairo.org\/it\/fiera-del-lavoro-2\/#respond\"]}]},{\"@type\":\"WebPage\",\"@id\":\"https:\/\/donboscocairo.org\/it\/fiera-del-lavoro-2\/\",\"url\":\"https:\/\/donboscocairo.org\/it\/fiera-del-lavoro-2\/\",\"name\":\"Fiera del lavoro - Istituto Salesiano Don Bosco\",\"isPartOf\":{\"@id\":\"https:\/\/donboscocairo.org\/it\/#website\"},\"primaryImageOfPage\":{\"@id\":\"https:\/\/donboscocairo.org\/it\/fiera-del-lavoro-2\/#primaryimage\"},\"image\":{\"@id\":\"https:\/\/donboscocairo.org\/it\/fiera-del-lavoro-2\/#primaryimage\"},\"thumbnailUrl\":\"https:\/\/donboscocairo.org\/wp-content\/uploads\/2023\/09\/Job-office.webp\",\"datePublished\":\"2023-09-14T10:49:56+00:00\",\"dateModified\":\"2024-02-14T11:26:13+00:00\",\"breadcrumb\":{\"@id\":\"https:\/\/donboscocairo.org\/it\/fiera-del-lavoro-2\/#breadcrumb\"},\"inLanguage\":\"it-IT\",\"potentialAction\":[{\"@type\":\"ReadAction\",\"target\":[\"https:\/\/donboscocairo.org\/it\/fiera-del-lavoro-2\/\"]}]},{\"@type\":\"ImageObject\",\"inLanguage\":\"it-IT\",\"@id\":\"https:\/\/donboscocairo.org\/it\/fiera-del-lavoro-2\/#primaryimage\",\"url\":\"https:\/\/donboscocairo.org\/wp-content\/uploads\/2023\/09\/Job-office.webp\",\"contentUrl\":\"https:\/\/donboscocairo.org\/wp-content\/uploads\/2023\/09\/Job-office.webp\",\"width\":720,\"height\":509},{\"@type\":\"BreadcrumbList\",\"@id\":\"https:\/\/donboscocairo.org\/it\/fiera-del-lavoro-2\/#breadcrumb\",\"itemListElement\":[{\"@type\":\"ListItem\",\"position\":1,\"name\":\"Home\",\"item\":\"https:\/\/donboscocairo.org\/it\/\"},{\"@type\":\"ListItem\",\"position\":2,\"name\":\"Fiera del lavoro\"}]},{\"@type\":\"WebSite\",\"@id\":\"https:\/\/donboscocairo.org\/it\/#website\",\"url\":\"https:\/\/donboscocairo.org\/it\/\",\"name\":\"Istituto Salesiano Don Bosco\",\"description\":\"Noi, come Istituzione Salesiana, siamo orgogliosi della nostra presenza centenaria e del nostro servizio al Cairo\",\"publisher\":{\"@id\":\"https:\/\/donboscocairo.org\/it\/#organization\"},\"potentialAction\":[{\"@type\":\"SearchAction\",\"target\":{\"@type\":\"EntryPoint\",\"urlTemplate\":\"https:\/\/donboscocairo.org\/it\/?s={search_term_string}\"},\"query-input\":{\"@type\":\"PropertyValueSpecification\",\"valueRequired\":true,\"valueName\":\"search_term_string\"}}],\"inLanguage\":\"it-IT\"},{\"@type\":[\"Organization\",\"Place\"],\"@id\":\"https:\/\/donboscocairo.org\/it\/#organization\",\"name\":\"Istituto Salesiano Don Bosco\",\"url\":\"https:\/\/donboscocairo.org\/it\/\",\"logo\":{\"@id\":\"https:\/\/donboscocairo.org\/it\/fiera-del-lavoro-2\/#local-main-organization-logo\"},\"image\":{\"@id\":\"https:\/\/donboscocairo.org\/it\/fiera-del-lavoro-2\/#local-main-organization-logo\"},\"openingHoursSpecification\":[{\"@type\":\"OpeningHoursSpecification\",\"dayOfWeek\":[\"Sunday\",\"Monday\",\"Tuesday\",\"Wednesday\",\"Thursday\",\"Friday\",\"Saturday\"],\"opens\":\"09:00\",\"closes\":\"17:00\"}]},{\"@type\":\"Person\",\"@id\":\"https:\/\/donboscocairo.org\/it\/#\/schema\/person\/38eba66fd333211bdacf47c40933aba9\",\"name\":\"economo\",\"image\":{\"@type\":\"ImageObject\",\"inLanguage\":\"it-IT\",\"@id\":\"https:\/\/donboscocairo.org\/it\/#\/schema\/person\/image\/\",\"url\":\"https:\/\/donboscocairo.org\/wp-content\/litespeed\/avatar\/87bd68e8904fcb30365520ccd99a7025.jpg?ver=1777619264\",\"contentUrl\":\"https:\/\/donboscocairo.org\/wp-content\/litespeed\/avatar\/87bd68e8904fcb30365520ccd99a7025.jpg?ver=1777619264\",\"caption\":\"economo\"},\"sameAs\":[\"https:\/\/donboscocairo.org\"],\"url\":\"https:\/\/donboscocairo.org\/it\/author\/economo\/\"},{\"@type\":\"ImageObject\",\"inLanguage\":\"it-IT\",\"@id\":\"https:\/\/donboscocairo.org\/it\/fiera-del-lavoro-2\/#local-main-organization-logo\",\"url\":\"https:\/\/donboscocairo.org\/wp-content\/uploads\/2022\/07\/Icon.png\",\"contentUrl\":\"https:\/\/donboscocairo.org\/wp-content\/uploads\/2022\/07\/Icon.png\",\"width\":500,\"height\":500,\"caption\":\"Istituto Salesiano Don Bosco\"}]}<\/script>\n<!-- \/ Yoast SEO Premium plugin. -->","yoast_head_json":{"title":"Fiera del lavoro - Istituto Salesiano Don Bosco","robots":{"index":"index","follow":"follow","max-snippet":"max-snippet:-1","max-image-preview":"max-image-preview:large","max-video-preview":"max-video-preview:-1"},"canonical":"https:\/\/donboscocairo.org\/it\/fiera-del-lavoro-2\/","og_locale":"it_IT","og_type":"article","og_title":"Fiera del lavoro","og_description":"Il Salesian Don Bosco Institute \u00e8 lieta di annunciare una Fiera del lavoro il 30 settembre 2023, per tecnici egiziani in tutte le specialit\u00e0, senza alcuna condizione. Il forum \u00e8 sponsorizzato da UNI-Tech Contractors \/ UNI -Tech Facility Management https:\/\/unitecheg.com\/ Si distingue per la presenza di una serie di grandi aziende in Egitto. Seguici per [&hellip;]","og_url":"https:\/\/donboscocairo.org\/it\/fiera-del-lavoro-2\/","og_site_name":"Istituto Salesiano Don Bosco","article_published_time":"2023-09-14T10:49:56+00:00","article_modified_time":"2024-02-14T11:26:13+00:00","og_image":[{"width":720,"height":509,"url":"https:\/\/donboscocairo.org\/wp-content\/uploads\/2023\/09\/Job-office.webp","type":"image\/webp"}],"author":"economo","twitter_card":"summary_large_image","twitter_misc":{"Scritto da":"economo","Tempo di lettura stimato":"1 minuto"},"schema":{"@context":"https:\/\/schema.org","@graph":[{"@type":"Article","@id":"https:\/\/donboscocairo.org\/it\/fiera-del-lavoro-2\/#article","isPartOf":{"@id":"https:\/\/donboscocairo.org\/it\/fiera-del-lavoro-2\/"},"author":{"name":"economo","@id":"https:\/\/donboscocairo.org\/it\/#\/schema\/person\/38eba66fd333211bdacf47c40933aba9"},"headline":"Fiera del lavoro","datePublished":"2023-09-14T10:49:56+00:00","dateModified":"2024-02-14T11:26:13+00:00","mainEntityOfPage":{"@id":"https:\/\/donboscocairo.org\/it\/fiera-del-lavoro-2\/"},"wordCount":57,"commentCount":0,"publisher":{"@id":"https:\/\/donboscocairo.org\/it\/#organization"},"image":{"@id":"https:\/\/donboscocairo.org\/it\/fiera-del-lavoro-2\/#primaryimage"},"thumbnailUrl":"https:\/\/donboscocairo.org\/wp-content\/uploads\/2023\/09\/Job-office.webp","articleSection":["Non categorizzato","Notizia","Notizie sulla scuola","Notizie ufficio lavoro","Novit\u00e0 sui corsi"],"inLanguage":"it-IT","potentialAction":[{"@type":"CommentAction","name":"Comment","target":["https:\/\/donboscocairo.org\/it\/fiera-del-lavoro-2\/#respond"]}]},{"@type":"WebPage","@id":"https:\/\/donboscocairo.org\/it\/fiera-del-lavoro-2\/","url":"https:\/\/donboscocairo.org\/it\/fiera-del-lavoro-2\/","name":"Fiera del lavoro - Istituto Salesiano Don Bosco","isPartOf":{"@id":"https:\/\/donboscocairo.org\/it\/#website"},"primaryImageOfPage":{"@id":"https:\/\/donboscocairo.org\/it\/fiera-del-lavoro-2\/#primaryimage"},"image":{"@id":"https:\/\/donboscocairo.org\/it\/fiera-del-lavoro-2\/#primaryimage"},"thumbnailUrl":"https:\/\/donboscocairo.org\/wp-content\/uploads\/2023\/09\/Job-office.webp","datePublished":"2023-09-14T10:49:56+00:00","dateModified":"2024-02-14T11:26:13+00:00","breadcrumb":{"@id":"https:\/\/donboscocairo.org\/it\/fiera-del-lavoro-2\/#breadcrumb"},"inLanguage":"it-IT","potentialAction":[{"@type":"ReadAction","target":["https:\/\/donboscocairo.org\/it\/fiera-del-lavoro-2\/"]}]},{"@type":"ImageObject","inLanguage":"it-IT","@id":"https:\/\/donboscocairo.org\/it\/fiera-del-lavoro-2\/#primaryimage","url":"https:\/\/donboscocairo.org\/wp-content\/uploads\/2023\/09\/Job-office.webp","contentUrl":"https:\/\/donboscocairo.org\/wp-content\/uploads\/2023\/09\/Job-office.webp","width":720,"height":509},{"@type":"BreadcrumbList","@id":"https:\/\/donboscocairo.org\/it\/fiera-del-lavoro-2\/#breadcrumb","itemListElement":[{"@type":"ListItem","position":1,"name":"Home","item":"https:\/\/donboscocairo.org\/it\/"},{"@type":"ListItem","position":2,"name":"Fiera del lavoro"}]},{"@type":"WebSite","@id":"https:\/\/donboscocairo.org\/it\/#website","url":"https:\/\/donboscocairo.org\/it\/","name":"Istituto Salesiano Don Bosco","description":"Noi, come Istituzione Salesiana, siamo orgogliosi della nostra presenza centenaria e del nostro servizio al Cairo","publisher":{"@id":"https:\/\/donboscocairo.org\/it\/#organization"},"potentialAction":[{"@type":"SearchAction","target":{"@type":"EntryPoint","urlTemplate":"https:\/\/donboscocairo.org\/it\/?s={search_term_string}"},"query-input":{"@type":"PropertyValueSpecification","valueRequired":true,"valueName":"search_term_string"}}],"inLanguage":"it-IT"},{"@type":["Organization","Place"],"@id":"https:\/\/donboscocairo.org\/it\/#organization","name":"Istituto Salesiano Don Bosco","url":"https:\/\/donboscocairo.org\/it\/","logo":{"@id":"https:\/\/donboscocairo.org\/it\/fiera-del-lavoro-2\/#local-main-organization-logo"},"image":{"@id":"https:\/\/donboscocairo.org\/it\/fiera-del-lavoro-2\/#local-main-organization-logo"},"openingHoursSpecification":[{"@type":"OpeningHoursSpecification","dayOfWeek":["Sunday","Monday","Tuesday","Wednesday","Thursday","Friday","Saturday"],"opens":"09:00","closes":"17:00"}]},{"@type":"Person","@id":"https:\/\/donboscocairo.org\/it\/#\/schema\/person\/38eba66fd333211bdacf47c40933aba9","name":"economo","image":{"@type":"ImageObject","inLanguage":"it-IT","@id":"https:\/\/donboscocairo.org\/it\/#\/schema\/person\/image\/","url":"https:\/\/donboscocairo.org\/wp-content\/litespeed\/avatar\/87bd68e8904fcb30365520ccd99a7025.jpg?ver=1777619264","contentUrl":"https:\/\/donboscocairo.org\/wp-content\/litespeed\/avatar\/87bd68e8904fcb30365520ccd99a7025.jpg?ver=1777619264","caption":"economo"},"sameAs":["https:\/\/donboscocairo.org"],"url":"https:\/\/donboscocairo.org\/it\/author\/economo\/"},{"@type":"ImageObject","inLanguage":"it-IT","@id":"https:\/\/donboscocairo.org\/it\/fiera-del-lavoro-2\/#local-main-organization-logo","url":"https:\/\/donboscocairo.org\/wp-content\/uploads\/2022\/07\/Icon.png","contentUrl":"https:\/\/donboscocairo.org\/wp-content\/uploads\/2022\/07\/Icon.png","width":500,"height":500,"caption":"Istituto Salesiano Don Bosco"}]}},"_links":{"self":[{"href":"https:\/\/donboscocairo.org\/it\/wp-json\/wp\/v2\/posts\/4444","targetHints":{"allow":["GET"]}}],"collection":[{"href":"https:\/\/donboscocairo.org\/it\/wp-json\/wp\/v2\/posts"}],"about":[{"href":"https:\/\/donboscocairo.org\/it\/wp-json\/wp\/v2\/types\/post"}],"author":[{"embeddable":true,"href":"https:\/\/donboscocairo.org\/it\/wp-json\/wp\/v2\/users\/1"}],"replies":[{"embeddable":true,"href":"https:\/\/donboscocairo.org\/it\/wp-json\/wp\/v2\/comments?post=4444"}],"version-history":[{"count":0,"href":"https:\/\/donboscocairo.org\/it\/wp-json\/wp\/v2\/posts\/4444\/revisions"}],"wp:featuredmedia":[{"embeddable":true,"href":"https:\/\/donboscocairo.org\/it\/wp-json\/wp\/v2\/media\/3653"}],"wp:attachment":[{"href":"https:\/\/donboscocairo.org\/it\/wp-json\/wp\/v2\/media?parent=4444"}],"wp:term":[{"taxonomy":"category","embeddable":true,"href":"https:\/\/donboscocairo.org\/it\/wp-json\/wp\/v2\/categories?post=4444"},{"taxonomy":"post_tag","embeddable":true,"href":"https:\/\/donboscocairo.org\/it\/wp-json\/wp\/v2\/tags?post=4444"}],"curies":[{"name":"wp","href":"https:\/\/api.w.org\/{rel}","templated":true}]}}