{"id":4372,"date":"2024-02-01T18:49:09","date_gmt":"2024-02-01T15:49:09","guid":{"rendered":"https:\/\/donboscocairo.org\/?p=4372"},"modified":"2024-02-14T13:32:08","modified_gmt":"2024-02-14T10:32:08","slug":"4372","status":"publish","type":"post","link":"https:\/\/donboscocairo.org\/it\/4372\/","title":{"rendered":"La cerimonia di laurea per gli studenti dell\u2019Istituto Salesiano per l\u2019anno accademico 2022\/2023"},"content":{"rendered":"<p>La cerimonia di laurea per gli studenti dell\u2019Istituto Salesiano \u201cDon Bosco\u201d per l\u2019anno accademico 2022\/2023 \u00e8 stata osservata oggi gioved\u00ec dall\u2019Ambasciatore Michele Quaroni, l\u2019ambasciatore italiano al Cairo, e dal Ministro dell\u2019Educazione e dell\u2019istruzione tecnica, Dr. Reda Hegazy.<\/p>\n<p>Dr. Domenico Dammartinis, the Scientific Attach\u00e9, Dr. Raffaele Bentaglio, the Cultural Attach\u00e9, Michele Peppe, the Deputy Director of the \u201cDon Bosco\u201d Institute, Rami Halim, the Superintendent of the Institute and the Egyptian Director of the School, and Dr. Alberto Coto, the world champion mathematician, were present when this occurred. Dr. Annalisa Wagner is the Educational Coordinator at the Italian Embassy. Al-Dhanki, the head of regional centralization Sahar Abu Zeid, the general head of the Production Efficiency Department Major General Khaled Kamal Abu Mandour, and several leaders in education in the Al-Sahel Educational Administration.<\/p>\n<p>La dottoressa Reda Hegazy ha sottolineato nel suo intervento il desiderio del governo egiziano di avere un prodotto educativo qualificato sia per lo sviluppo personale che per il mercato del lavoro. Questo prodotto \u00e8 lo studente, per il quale il Ministero dell&#8217;Istruzione sta preparando un curriculum basato sul programma del governo, che si concentra principalmente sull&#8217;occupazione, la protezione della sicurezza e lo sviluppo umano nel contesto degli Obiettivi di Sviluppo Sostenibile.<\/p>\n<p>Il Ministro ha elogiato l&#8217;istituto, sottolineando che sottolinea lo sviluppo complessivo dell&#8217;individuo dalle componenti personali, mentali ed emotive, permettendogli di crescere come persona, piuttosto che solo corsi accademici.<\/p>\n<p>Poich\u00e9 l&#8217;istituto si concentra sull&#8217;aiutare gli studenti a sviluppare le loro qualit\u00e0 mentali, emotive e personali, oltre a dotarli degli strumenti necessari per avere successo in futuro, il Ministro ha anche elogiato le competenze dei laureati, che consentono loro di continuare a imparare e avere successo. Questa \u00e8 la qualit\u00e0 pi\u00f9 significativa dell&#8217;istituto.<\/p>\n<p>L\u2019ambasciatore italiano al Cairo, Michele Quaroni, da parte sua, ha ringraziato il dottor Reda Hegazy e ha sottolineato che i laureati di oggi meritano il riconoscimento per aver realizzato il sogno di perseveranza. Essi, insieme alle loro famiglie, hanno fatto molti sacrifici e hanno fornito un grande sostegno per consentire ai loro figli di raggiungere questo livello di successo oggi.<\/p>\n<p>Il vice direttore dell\u2019Istituto \u201cDon Bosco\u201d, Michele Pippe, ha accolto gli ospiti e ha detto che il successo dei laureati oggi \u00e8 il frutto del loro duro lavoro e che sono membri preziosi della famiglia \u201cdon Bosco\u201d. Egli ha ringraziato gli studenti per la loro perseveranza nel seguire i loro sogni e la loro fiducia, che ha detto era la chiave del loro successo. Realizzare l&#8217;ideale e aiutare i genitori a sostenere e incoraggiare i loro figli perch\u00e9 il successo \u00e8 stato uno sforzo di squadra che coinvolge molti individui piuttosto che un individuo.<\/p>\n<p>Un certo numero di studenti laureati hanno ricevuto onorificenze da parte del dottor Reda Hegazy, che li ha augurati bene nei loro futuri sforzi e carriere.<\/p>\n","protected":false},"excerpt":{"rendered":"<p>La cerimonia di laurea per gli studenti dell\u2019Istituto Salesiano \u201cDon Bosco\u201d per l\u2019anno accademico 2022\/2023 \u00e8 stata osservata oggi gioved\u00ec dall\u2019Ambasciatore Michele Quaroni, l\u2019ambasciatore italiano al Cairo, e dal Ministro dell\u2019Educazione e dell\u2019istruzione tecnica, Dr. Reda Hegazy. Dr. Domenico Dammartinis, the Scientific Attach\u00e9, Dr. Raffaele Bentaglio, the Cultural Attach\u00e9, Michele Peppe, the Deputy Director of [&hellip;]<\/p>\n","protected":false},"author":1,"featured_media":4318,"comment_status":"open","ping_status":"open","sticky":false,"template":"","format":"standard","meta":{"footnotes":""},"categories":[3,39,37],"tags":[],"class_list":["post-4372","post","type-post","status-publish","format-standard","has-post-thumbnail","hentry","category-non-categorizzato","category-notizia","category-notizie-sulla-scuola"],"acf":[],"yoast_head":"<!-- This site is optimized with the Yoast SEO Premium plugin v24.4 (Yoast SEO v24.5) - https:\/\/yoast.com\/wordpress\/plugins\/seo\/ -->\n<title>La cerimonia di laurea per gli studenti dell\u2019Istituto Salesiano per l\u2019anno accademico 2022\/2023 - Istituto Salesiano Don Bosco<\/title>\n<meta name=\"robots\" content=\"index, follow, max-snippet:-1, max-image-preview:large, max-video-preview:-1\" \/>\n<link rel=\"canonical\" href=\"https:\/\/donboscocairo.org\/it\/4372\/\" \/>\n<meta property=\"og:locale\" content=\"it_IT\" \/>\n<meta property=\"og:type\" content=\"article\" \/>\n<meta property=\"og:title\" content=\"La cerimonia di laurea per gli studenti dell\u2019Istituto Salesiano per l\u2019anno accademico 2022\/2023\" \/>\n<meta property=\"og:description\" content=\"La cerimonia di laurea per gli studenti dell\u2019Istituto Salesiano \u201cDon Bosco\u201d per l\u2019anno accademico 2022\/2023 \u00e8 stata osservata oggi gioved\u00ec dall\u2019Ambasciatore Michele Quaroni, l\u2019ambasciatore italiano al Cairo, e dal Ministro dell\u2019Educazione e dell\u2019istruzione tecnica, Dr. Reda Hegazy. Dr. Domenico Dammartinis, the Scientific Attach\u00e9, Dr. Raffaele Bentaglio, the Cultural Attach\u00e9, Michele Peppe, the Deputy Director of [&hellip;]\" \/>\n<meta property=\"og:url\" content=\"https:\/\/donboscocairo.org\/it\/4372\/\" \/>\n<meta property=\"og:site_name\" content=\"Istituto Salesiano Don Bosco\" \/>\n<meta property=\"article:published_time\" content=\"2024-02-01T15:49:09+00:00\" \/>\n<meta property=\"article:modified_time\" content=\"2024-02-14T10:32:08+00:00\" \/>\n<meta property=\"og:image\" content=\"https:\/\/donboscocairo.org\/wp-content\/uploads\/2024\/02\/\u062a\u0643\u0631\u064a\u0645-\u062e\u0631\u062c\u064a\u0646-\u0645\u0639\u0647\u062f-\u0627\u0644\u0633\u0627\u0644\u0632\u064a\u0627\u0646.webp\" \/>\n\t<meta property=\"og:image:width\" content=\"1280\" \/>\n\t<meta property=\"og:image:height\" content=\"677\" \/>\n\t<meta property=\"og:image:type\" content=\"image\/webp\" \/>\n<meta name=\"author\" content=\"economo\" \/>\n<meta name=\"twitter:card\" content=\"summary_large_image\" \/>\n<meta name=\"twitter:label1\" content=\"Scritto da\" \/>\n\t<meta name=\"twitter:data1\" content=\"economo\" \/>\n\t<meta name=\"twitter:label2\" content=\"Tempo di lettura stimato\" \/>\n\t<meta name=\"twitter:data2\" content=\"3 minuti\" \/>\n<script type=\"application\/ld+json\" class=\"yoast-schema-graph\">{\"@context\":\"https:\/\/schema.org\",\"@graph\":[{\"@type\":\"Article\",\"@id\":\"https:\/\/donboscocairo.org\/it\/4372\/#article\",\"isPartOf\":{\"@id\":\"https:\/\/donboscocairo.org\/it\/4372\/\"},\"author\":{\"name\":\"economo\",\"@id\":\"https:\/\/donboscocairo.org\/it\/#\/schema\/person\/38eba66fd333211bdacf47c40933aba9\"},\"headline\":\"La cerimonia di laurea per gli studenti dell\u2019Istituto Salesiano per l\u2019anno accademico 2022\/2023\",\"datePublished\":\"2024-02-01T15:49:09+00:00\",\"dateModified\":\"2024-02-14T10:32:08+00:00\",\"mainEntityOfPage\":{\"@id\":\"https:\/\/donboscocairo.org\/it\/4372\/\"},\"wordCount\":486,\"commentCount\":0,\"publisher\":{\"@id\":\"https:\/\/donboscocairo.org\/it\/#organization\"},\"image\":{\"@id\":\"https:\/\/donboscocairo.org\/it\/4372\/#primaryimage\"},\"thumbnailUrl\":\"https:\/\/donboscocairo.org\/wp-content\/uploads\/2024\/02\/\u062a\u0643\u0631\u064a\u0645-\u062e\u0631\u062c\u064a\u0646-\u0645\u0639\u0647\u062f-\u0627\u0644\u0633\u0627\u0644\u0632\u064a\u0627\u0646.webp\",\"articleSection\":[\"Non categorizzato\",\"Notizia\",\"Notizie sulla scuola\"],\"inLanguage\":\"it-IT\",\"potentialAction\":[{\"@type\":\"CommentAction\",\"name\":\"Comment\",\"target\":[\"https:\/\/donboscocairo.org\/it\/4372\/#respond\"]}]},{\"@type\":\"WebPage\",\"@id\":\"https:\/\/donboscocairo.org\/it\/4372\/\",\"url\":\"https:\/\/donboscocairo.org\/it\/4372\/\",\"name\":\"La cerimonia di laurea per gli studenti dell\u2019Istituto Salesiano per l\u2019anno accademico 2022\/2023 - Istituto Salesiano Don Bosco\",\"isPartOf\":{\"@id\":\"https:\/\/donboscocairo.org\/it\/#website\"},\"primaryImageOfPage\":{\"@id\":\"https:\/\/donboscocairo.org\/it\/4372\/#primaryimage\"},\"image\":{\"@id\":\"https:\/\/donboscocairo.org\/it\/4372\/#primaryimage\"},\"thumbnailUrl\":\"https:\/\/donboscocairo.org\/wp-content\/uploads\/2024\/02\/\u062a\u0643\u0631\u064a\u0645-\u062e\u0631\u062c\u064a\u0646-\u0645\u0639\u0647\u062f-\u0627\u0644\u0633\u0627\u0644\u0632\u064a\u0627\u0646.webp\",\"datePublished\":\"2024-02-01T15:49:09+00:00\",\"dateModified\":\"2024-02-14T10:32:08+00:00\",\"breadcrumb\":{\"@id\":\"https:\/\/donboscocairo.org\/it\/4372\/#breadcrumb\"},\"inLanguage\":\"it-IT\",\"potentialAction\":[{\"@type\":\"ReadAction\",\"target\":[\"https:\/\/donboscocairo.org\/it\/4372\/\"]}]},{\"@type\":\"ImageObject\",\"inLanguage\":\"it-IT\",\"@id\":\"https:\/\/donboscocairo.org\/it\/4372\/#primaryimage\",\"url\":\"https:\/\/donboscocairo.org\/wp-content\/uploads\/2024\/02\/\u062a\u0643\u0631\u064a\u0645-\u062e\u0631\u062c\u064a\u0646-\u0645\u0639\u0647\u062f-\u0627\u0644\u0633\u0627\u0644\u0632\u064a\u0627\u0646.webp\",\"contentUrl\":\"https:\/\/donboscocairo.org\/wp-content\/uploads\/2024\/02\/\u062a\u0643\u0631\u064a\u0645-\u062e\u0631\u062c\u064a\u0646-\u0645\u0639\u0647\u062f-\u0627\u0644\u0633\u0627\u0644\u0632\u064a\u0627\u0646.webp\",\"width\":1280,\"height\":677},{\"@type\":\"BreadcrumbList\",\"@id\":\"https:\/\/donboscocairo.org\/it\/4372\/#breadcrumb\",\"itemListElement\":[{\"@type\":\"ListItem\",\"position\":1,\"name\":\"Home\",\"item\":\"https:\/\/donboscocairo.org\/it\/\"},{\"@type\":\"ListItem\",\"position\":2,\"name\":\"La cerimonia di laurea per gli studenti dell\u2019Istituto Salesiano per l\u2019anno accademico 2022\/2023\"}]},{\"@type\":\"WebSite\",\"@id\":\"https:\/\/donboscocairo.org\/it\/#website\",\"url\":\"https:\/\/donboscocairo.org\/it\/\",\"name\":\"Istituto Salesiano Don Bosco\",\"description\":\"Noi, come Istituzione Salesiana, siamo orgogliosi della nostra presenza centenaria e del nostro servizio al Cairo\",\"publisher\":{\"@id\":\"https:\/\/donboscocairo.org\/it\/#organization\"},\"potentialAction\":[{\"@type\":\"SearchAction\",\"target\":{\"@type\":\"EntryPoint\",\"urlTemplate\":\"https:\/\/donboscocairo.org\/it\/?s={search_term_string}\"},\"query-input\":{\"@type\":\"PropertyValueSpecification\",\"valueRequired\":true,\"valueName\":\"search_term_string\"}}],\"inLanguage\":\"it-IT\"},{\"@type\":[\"Organization\",\"Place\"],\"@id\":\"https:\/\/donboscocairo.org\/it\/#organization\",\"name\":\"Istituto Salesiano Don Bosco\",\"url\":\"https:\/\/donboscocairo.org\/it\/\",\"logo\":{\"@id\":\"https:\/\/donboscocairo.org\/it\/4372\/#local-main-organization-logo\"},\"image\":{\"@id\":\"https:\/\/donboscocairo.org\/it\/4372\/#local-main-organization-logo\"},\"openingHoursSpecification\":[{\"@type\":\"OpeningHoursSpecification\",\"dayOfWeek\":[\"Sunday\",\"Monday\",\"Tuesday\",\"Wednesday\",\"Thursday\",\"Friday\",\"Saturday\"],\"opens\":\"09:00\",\"closes\":\"17:00\"}]},{\"@type\":\"Person\",\"@id\":\"https:\/\/donboscocairo.org\/it\/#\/schema\/person\/38eba66fd333211bdacf47c40933aba9\",\"name\":\"economo\",\"image\":{\"@type\":\"ImageObject\",\"inLanguage\":\"it-IT\",\"@id\":\"https:\/\/donboscocairo.org\/it\/#\/schema\/person\/image\/\",\"url\":\"https:\/\/donboscocairo.org\/wp-content\/litespeed\/avatar\/87bd68e8904fcb30365520ccd99a7025.jpg?ver=1777014284\",\"contentUrl\":\"https:\/\/donboscocairo.org\/wp-content\/litespeed\/avatar\/87bd68e8904fcb30365520ccd99a7025.jpg?ver=1777014284\",\"caption\":\"economo\"},\"sameAs\":[\"https:\/\/donboscocairo.org\"],\"url\":\"https:\/\/donboscocairo.org\/it\/author\/economo\/\"},{\"@type\":\"ImageObject\",\"inLanguage\":\"it-IT\",\"@id\":\"https:\/\/donboscocairo.org\/it\/4372\/#local-main-organization-logo\",\"url\":\"https:\/\/donboscocairo.org\/wp-content\/uploads\/2022\/07\/Icon.png\",\"contentUrl\":\"https:\/\/donboscocairo.org\/wp-content\/uploads\/2022\/07\/Icon.png\",\"width\":500,\"height\":500,\"caption\":\"Istituto Salesiano Don Bosco\"}]}<\/script>\n<!-- \/ Yoast SEO Premium plugin. -->","yoast_head_json":{"title":"La cerimonia di laurea per gli studenti dell\u2019Istituto Salesiano per l\u2019anno accademico 2022\/2023 - Istituto Salesiano Don Bosco","robots":{"index":"index","follow":"follow","max-snippet":"max-snippet:-1","max-image-preview":"max-image-preview:large","max-video-preview":"max-video-preview:-1"},"canonical":"https:\/\/donboscocairo.org\/it\/4372\/","og_locale":"it_IT","og_type":"article","og_title":"La cerimonia di laurea per gli studenti dell\u2019Istituto Salesiano per l\u2019anno accademico 2022\/2023","og_description":"La cerimonia di laurea per gli studenti dell\u2019Istituto Salesiano \u201cDon Bosco\u201d per l\u2019anno accademico 2022\/2023 \u00e8 stata osservata oggi gioved\u00ec dall\u2019Ambasciatore Michele Quaroni, l\u2019ambasciatore italiano al Cairo, e dal Ministro dell\u2019Educazione e dell\u2019istruzione tecnica, Dr. Reda Hegazy. Dr. Domenico Dammartinis, the Scientific Attach\u00e9, Dr. Raffaele Bentaglio, the Cultural Attach\u00e9, Michele Peppe, the Deputy Director of [&hellip;]","og_url":"https:\/\/donboscocairo.org\/it\/4372\/","og_site_name":"Istituto Salesiano Don Bosco","article_published_time":"2024-02-01T15:49:09+00:00","article_modified_time":"2024-02-14T10:32:08+00:00","og_image":[{"width":1280,"height":677,"url":"https:\/\/donboscocairo.org\/wp-content\/uploads\/2024\/02\/\u062a\u0643\u0631\u064a\u0645-\u062e\u0631\u062c\u064a\u0646-\u0645\u0639\u0647\u062f-\u0627\u0644\u0633\u0627\u0644\u0632\u064a\u0627\u0646.webp","type":"image\/webp"}],"author":"economo","twitter_card":"summary_large_image","twitter_misc":{"Scritto da":"economo","Tempo di lettura stimato":"3 minuti"},"schema":{"@context":"https:\/\/schema.org","@graph":[{"@type":"Article","@id":"https:\/\/donboscocairo.org\/it\/4372\/#article","isPartOf":{"@id":"https:\/\/donboscocairo.org\/it\/4372\/"},"author":{"name":"economo","@id":"https:\/\/donboscocairo.org\/it\/#\/schema\/person\/38eba66fd333211bdacf47c40933aba9"},"headline":"La cerimonia di laurea per gli studenti dell\u2019Istituto Salesiano per l\u2019anno accademico 2022\/2023","datePublished":"2024-02-01T15:49:09+00:00","dateModified":"2024-02-14T10:32:08+00:00","mainEntityOfPage":{"@id":"https:\/\/donboscocairo.org\/it\/4372\/"},"wordCount":486,"commentCount":0,"publisher":{"@id":"https:\/\/donboscocairo.org\/it\/#organization"},"image":{"@id":"https:\/\/donboscocairo.org\/it\/4372\/#primaryimage"},"thumbnailUrl":"https:\/\/donboscocairo.org\/wp-content\/uploads\/2024\/02\/\u062a\u0643\u0631\u064a\u0645-\u062e\u0631\u062c\u064a\u0646-\u0645\u0639\u0647\u062f-\u0627\u0644\u0633\u0627\u0644\u0632\u064a\u0627\u0646.webp","articleSection":["Non categorizzato","Notizia","Notizie sulla scuola"],"inLanguage":"it-IT","potentialAction":[{"@type":"CommentAction","name":"Comment","target":["https:\/\/donboscocairo.org\/it\/4372\/#respond"]}]},{"@type":"WebPage","@id":"https:\/\/donboscocairo.org\/it\/4372\/","url":"https:\/\/donboscocairo.org\/it\/4372\/","name":"La cerimonia di laurea per gli studenti dell\u2019Istituto Salesiano per l\u2019anno accademico 2022\/2023 - Istituto Salesiano Don Bosco","isPartOf":{"@id":"https:\/\/donboscocairo.org\/it\/#website"},"primaryImageOfPage":{"@id":"https:\/\/donboscocairo.org\/it\/4372\/#primaryimage"},"image":{"@id":"https:\/\/donboscocairo.org\/it\/4372\/#primaryimage"},"thumbnailUrl":"https:\/\/donboscocairo.org\/wp-content\/uploads\/2024\/02\/\u062a\u0643\u0631\u064a\u0645-\u062e\u0631\u062c\u064a\u0646-\u0645\u0639\u0647\u062f-\u0627\u0644\u0633\u0627\u0644\u0632\u064a\u0627\u0646.webp","datePublished":"2024-02-01T15:49:09+00:00","dateModified":"2024-02-14T10:32:08+00:00","breadcrumb":{"@id":"https:\/\/donboscocairo.org\/it\/4372\/#breadcrumb"},"inLanguage":"it-IT","potentialAction":[{"@type":"ReadAction","target":["https:\/\/donboscocairo.org\/it\/4372\/"]}]},{"@type":"ImageObject","inLanguage":"it-IT","@id":"https:\/\/donboscocairo.org\/it\/4372\/#primaryimage","url":"https:\/\/donboscocairo.org\/wp-content\/uploads\/2024\/02\/\u062a\u0643\u0631\u064a\u0645-\u062e\u0631\u062c\u064a\u0646-\u0645\u0639\u0647\u062f-\u0627\u0644\u0633\u0627\u0644\u0632\u064a\u0627\u0646.webp","contentUrl":"https:\/\/donboscocairo.org\/wp-content\/uploads\/2024\/02\/\u062a\u0643\u0631\u064a\u0645-\u062e\u0631\u062c\u064a\u0646-\u0645\u0639\u0647\u062f-\u0627\u0644\u0633\u0627\u0644\u0632\u064a\u0627\u0646.webp","width":1280,"height":677},{"@type":"BreadcrumbList","@id":"https:\/\/donboscocairo.org\/it\/4372\/#breadcrumb","itemListElement":[{"@type":"ListItem","position":1,"name":"Home","item":"https:\/\/donboscocairo.org\/it\/"},{"@type":"ListItem","position":2,"name":"La cerimonia di laurea per gli studenti dell\u2019Istituto Salesiano per l\u2019anno accademico 2022\/2023"}]},{"@type":"WebSite","@id":"https:\/\/donboscocairo.org\/it\/#website","url":"https:\/\/donboscocairo.org\/it\/","name":"Istituto Salesiano Don Bosco","description":"Noi, come Istituzione Salesiana, siamo orgogliosi della nostra presenza centenaria e del nostro servizio al Cairo","publisher":{"@id":"https:\/\/donboscocairo.org\/it\/#organization"},"potentialAction":[{"@type":"SearchAction","target":{"@type":"EntryPoint","urlTemplate":"https:\/\/donboscocairo.org\/it\/?s={search_term_string}"},"query-input":{"@type":"PropertyValueSpecification","valueRequired":true,"valueName":"search_term_string"}}],"inLanguage":"it-IT"},{"@type":["Organization","Place"],"@id":"https:\/\/donboscocairo.org\/it\/#organization","name":"Istituto Salesiano Don Bosco","url":"https:\/\/donboscocairo.org\/it\/","logo":{"@id":"https:\/\/donboscocairo.org\/it\/4372\/#local-main-organization-logo"},"image":{"@id":"https:\/\/donboscocairo.org\/it\/4372\/#local-main-organization-logo"},"openingHoursSpecification":[{"@type":"OpeningHoursSpecification","dayOfWeek":["Sunday","Monday","Tuesday","Wednesday","Thursday","Friday","Saturday"],"opens":"09:00","closes":"17:00"}]},{"@type":"Person","@id":"https:\/\/donboscocairo.org\/it\/#\/schema\/person\/38eba66fd333211bdacf47c40933aba9","name":"economo","image":{"@type":"ImageObject","inLanguage":"it-IT","@id":"https:\/\/donboscocairo.org\/it\/#\/schema\/person\/image\/","url":"https:\/\/donboscocairo.org\/wp-content\/litespeed\/avatar\/87bd68e8904fcb30365520ccd99a7025.jpg?ver=1777014284","contentUrl":"https:\/\/donboscocairo.org\/wp-content\/litespeed\/avatar\/87bd68e8904fcb30365520ccd99a7025.jpg?ver=1777014284","caption":"economo"},"sameAs":["https:\/\/donboscocairo.org"],"url":"https:\/\/donboscocairo.org\/it\/author\/economo\/"},{"@type":"ImageObject","inLanguage":"it-IT","@id":"https:\/\/donboscocairo.org\/it\/4372\/#local-main-organization-logo","url":"https:\/\/donboscocairo.org\/wp-content\/uploads\/2022\/07\/Icon.png","contentUrl":"https:\/\/donboscocairo.org\/wp-content\/uploads\/2022\/07\/Icon.png","width":500,"height":500,"caption":"Istituto Salesiano Don Bosco"}]}},"_links":{"self":[{"href":"https:\/\/donboscocairo.org\/it\/wp-json\/wp\/v2\/posts\/4372","targetHints":{"allow":["GET"]}}],"collection":[{"href":"https:\/\/donboscocairo.org\/it\/wp-json\/wp\/v2\/posts"}],"about":[{"href":"https:\/\/donboscocairo.org\/it\/wp-json\/wp\/v2\/types\/post"}],"author":[{"embeddable":true,"href":"https:\/\/donboscocairo.org\/it\/wp-json\/wp\/v2\/users\/1"}],"replies":[{"embeddable":true,"href":"https:\/\/donboscocairo.org\/it\/wp-json\/wp\/v2\/comments?post=4372"}],"version-history":[{"count":0,"href":"https:\/\/donboscocairo.org\/it\/wp-json\/wp\/v2\/posts\/4372\/revisions"}],"wp:featuredmedia":[{"embeddable":true,"href":"https:\/\/donboscocairo.org\/it\/wp-json\/wp\/v2\/media\/4318"}],"wp:attachment":[{"href":"https:\/\/donboscocairo.org\/it\/wp-json\/wp\/v2\/media?parent=4372"}],"wp:term":[{"taxonomy":"category","embeddable":true,"href":"https:\/\/donboscocairo.org\/it\/wp-json\/wp\/v2\/categories?post=4372"},{"taxonomy":"post_tag","embeddable":true,"href":"https:\/\/donboscocairo.org\/it\/wp-json\/wp\/v2\/tags?post=4372"}],"curies":[{"name":"wp","href":"https:\/\/api.w.org\/{rel}","templated":true}]}}